{"id":30760,"date":"2010-08-11T15:28:00","date_gmt":"2010-08-11T19:28:00","guid":{"rendered":"http:\/\/www.redenoticia.com.br\/noticia\/?p=30760"},"modified":"2010-08-11T15:28:00","modified_gmt":"2010-08-11T19:28:00","slug":"concurso-goiania-ufg-%e2%80%93-inscricao-para-2-159-vagas","status":"publish","type":"post","link":"https:\/\/migracao.redenoticia.com.br\/noticia\/2010\/concurso-goiania-ufg-%e2%80%93-inscricao-para-2-159-vagas\/30760","title":{"rendered":"Concurso Goi\u00e2nia UFG \u2013 inscri\u00e7\u00e3o para 2.159 vagas"},"content":{"rendered":"<p><strong><em><img loading=\"lazy\" decoding=\"async\" class=\"alignleft size-full wp-image-28960\" title=\"concurso inscricao vagas\" src=\"https:\/\/migracao.redenoticia.com.br\/noticia\/imagens\/concurso-inscricao-vagas.jpg\" alt=\"\" width=\"300\" height=\"193\" srcset=\"https:\/\/migracao.redenoticia.com.br\/noticia\/imagens\/concurso-inscricao-vagas.jpg 300w, https:\/\/migracao.redenoticia.com.br\/noticia\/imagens\/concurso-inscricao-vagas-250x160.jpg 250w, https:\/\/migracao.redenoticia.com.br\/noticia\/imagens\/concurso-inscricao-vagas-150x96.jpg 150w\" sizes=\"auto, (max-width: 300px) 100vw, 300px\" \/>Concurso Goi\u00e2nia<\/em><\/strong> pela <strong><em>UFG<\/em><\/strong> &#8211; A Secretaria de Administra\u00e7\u00e3o e Recursos Humanos da Prefeitura de Goi\u00e2nia, torna p\u00fablico as inscri\u00e7\u00f5es ao Concurso P\u00fablico destinado a selecionar candidatos para o provimento de 2.159 vagas aos cargos do Quadro Permanente da Administra\u00e7\u00e3o Direta &#8211; Secretaria Municipal de Educa\u00e7\u00e3o &#8211; SME e a forma\u00e7\u00e3o de Cadastro de Reserva. O Concurso Goi\u00e2nia UFG ser\u00e1 realizado pela Secretaria Municipal de Administra\u00e7\u00e3o e Recursos Humanos, ficando sob a responsabilidade da Universidade Federal de Goi\u00e1s &#8211; UFG, por meio do Centro de Sele\u00e7\u00e3o. A inscri\u00e7\u00e3o para o Concurso Goi\u00e2nia UFG pode ser realizada a partir do dia 10 de agosto at\u00e9 12 de setembro de 2010, via Internet, no site <strong><em><a href=\"http:\/\/www.cmtc.concurso.goiania.go.gov.br\/\" target=\"_blank\">www.cmtc.concurso.goiania.go.gov.br<\/a><\/em><\/strong>.<\/p>\n<p>As vagas s\u00e3o para cargos de n\u00edvel Superior, com carga hor\u00e1ria de 30h semanais e remunera\u00e7\u00e3o variada entre R$ 634,64 a R$ 1.024,67. Do total de vagas oferecidas pela Prefeitura de Goi\u00e2nia, 108 ser\u00e3o reservadas para candidatos com necessidades especiais. O valor da taxa de Inscri\u00e7\u00e3o ser\u00e1 variado entre R$ 85,00 a R$ 65,00, devendo ser efetuado at\u00e9 a data do vencimento.<\/p>\n<p>O Concurso Goi\u00e2nia UFG constar\u00e1 de Prova Objetiva e Reda\u00e7\u00e3o &#8211; Etapa \u00danica, de car\u00e1ter eliminat\u00f3rio e classificat\u00f3rio, para todos os candidatos. \u00c9 obriga\u00e7\u00e3o do candidato imprimir seu Cart\u00e3o de Confirma\u00e7\u00e3o de Inscri\u00e7\u00e3o &#8211; CCI, para a Prova Objetiva, que estar\u00e1 dispon\u00edvel no site, 4 dias anteriores \u00e0 data de realiza\u00e7\u00e3o da Prova.<\/p>\n<p>O Concurso Goi\u00e2nia UFG ter\u00e1 a validade de 2 anos a partir da data de publica\u00e7\u00e3o de sua homologa\u00e7\u00e3o no Di\u00e1rio Oficial do Munic\u00edpio, prorrog\u00e1vel por igual per\u00edodo, a crit\u00e9rio da CMTC.<\/p>\n<p>Concurso Goi\u00e2nia pela UFG<\/p>\n","protected":false},"excerpt":{"rendered":"<p>Concurso Goi\u00e2nia pela UFG &#8211; A Secretaria de Administra\u00e7\u00e3o e Recursos Humanos da Prefeitura de Goi\u00e2nia, torna p\u00fablico as inscri\u00e7\u00f5es ao Concurso P\u00fablico destinado a selecionar candidatos para o provimento de 2.159 vagas aos cargos do Quadro Permanente da Administra\u00e7\u00e3o Direta &#8211; Secretaria Municipal de Educa\u00e7\u00e3o &#8211; SME e a forma\u00e7\u00e3o de Cadastro de Reserva. [&hellip;]<\/p>\n","protected":false},"author":3,"featured_media":28960,"comment_status":"open","ping_status":"open","sticky":false,"template":"","format":"standard","meta":{"tdm_status":"","tdm_grid_status":"","footnotes":""},"categories":[22,352,370],"tags":[],"class_list":{"0":"post-30760","1":"post","2":"type-post","3":"status-publish","4":"format-standard","5":"has-post-thumbnail","7":"category-brasil","8":"category-concursos","9":"category-inscricao"},"_links":{"self":[{"href":"https:\/\/migracao.redenoticia.com.br\/noticia\/wp-json\/wp\/v2\/posts\/30760","targetHints":{"allow":["GET"]}}],"collection":[{"href":"https:\/\/migracao.redenoticia.com.br\/noticia\/wp-json\/wp\/v2\/posts"}],"about":[{"href":"https:\/\/migracao.redenoticia.com.br\/noticia\/wp-json\/wp\/v2\/types\/post"}],"author":[{"embeddable":true,"href":"https:\/\/migracao.redenoticia.com.br\/noticia\/wp-json\/wp\/v2\/users\/3"}],"replies":[{"embeddable":true,"href":"https:\/\/migracao.redenoticia.com.br\/noticia\/wp-json\/wp\/v2\/comments?post=30760"}],"version-history":[{"count":0,"href":"https:\/\/migracao.redenoticia.com.br\/noticia\/wp-json\/wp\/v2\/posts\/30760\/revisions"}],"wp:featuredmedia":[{"embeddable":true,"href":"https:\/\/migracao.redenoticia.com.br\/noticia\/wp-json\/wp\/v2\/media\/28960"}],"wp:attachment":[{"href":"https:\/\/migracao.redenoticia.com.br\/noticia\/wp-json\/wp\/v2\/media?parent=30760"}],"wp:term":[{"taxonomy":"category","embeddable":true,"href":"https:\/\/migracao.redenoticia.com.br\/noticia\/wp-json\/wp\/v2\/categories?post=30760"},{"taxonomy":"post_tag","embeddable":true,"href":"https:\/\/migracao.redenoticia.com.br\/noticia\/wp-json\/wp\/v2\/tags?post=30760"}],"curies":[{"name":"wp","href":"https:\/\/api.w.org\/{rel}","templated":true}]}}