{"id":30771,"date":"2010-08-12T15:07:43","date_gmt":"2010-08-12T19:07:43","guid":{"rendered":"http:\/\/www.redenoticia.com.br\/noticia\/?p=30771"},"modified":"2010-08-12T15:07:43","modified_gmt":"2010-08-12T19:07:43","slug":"como-a-internet-vai-influenciar-os-resultados-da-campanha-eleitoral","status":"publish","type":"post","link":"https:\/\/migracao.redenoticia.com.br\/noticia\/2010\/como-a-internet-vai-influenciar-os-resultados-da-campanha-eleitoral\/30771","title":{"rendered":"Como a internet vai influenciar os resultados da campanha eleitoral"},"content":{"rendered":"<p><strong><em><img loading=\"lazy\" decoding=\"async\" class=\"alignleft size-full wp-image-27621\" title=\"eleicao 2010 eleicoes candidato pesquisa resultado\" src=\"https:\/\/migracao.redenoticia.com.br\/noticia\/imagens\/eleicao-2010-eleicoes-candidato-pesquisa-resultado.jpg\" alt=\"\" width=\"300\" height=\"193\" srcset=\"https:\/\/migracao.redenoticia.com.br\/noticia\/imagens\/eleicao-2010-eleicoes-candidato-pesquisa-resultado.jpg 300w, https:\/\/migracao.redenoticia.com.br\/noticia\/imagens\/eleicao-2010-eleicoes-candidato-pesquisa-resultado-250x160.jpg 250w, https:\/\/migracao.redenoticia.com.br\/noticia\/imagens\/eleicao-2010-eleicoes-candidato-pesquisa-resultado-150x96.jpg 150w\" sizes=\"auto, (max-width: 300px) 100vw, 300px\" \/>Elei\u00e7\u00f5es 2010<\/em><\/strong> &#8211; o Brasil j\u00e1 possui quase 70 milh\u00f5es de internautas, que passam quase tr\u00eas vezes  mais tempo diante do computador do que da TV. O pa\u00eds \u00e9 o terceiro com maior  n\u00famero de usu\u00e1rios de redes sociais e o segundo no Twitter. Quase 60% das  pessoas s\u00f3 concretizam um neg\u00f3cio depois de pesquisar a web.\u00a0Sem d\u00favida, a  <strong><em>internet<\/em><\/strong> j\u00e1 faz parte de nossas vidas: no trabalho, no lazer, nas compras, nos  neg\u00f3cios. E em 2010 vai passar a fazer parte tamb\u00e9m da nossa pol\u00edtica. Pela  primeira vez no Brasil as redes e m\u00eddias sociais ter\u00e3o poder de <strong><em>influ\u00eancia sobre  as elei\u00e7\u00f5es<\/em><\/strong> para presid\u00eancia, governos estaduais, senado e C\u00e2mara dos Deputados.  Se o impacto ser\u00e1 t\u00e3o grande quanto o que elegeu Barack Obama nos EUA ainda \u00e9  cedo para dizer, mas com certeza vai mudar a forma de se fazer pol\u00edtica no  pa\u00eds.<\/p>\n<p>Por um lado, amplia-se a possibilidade de comunica\u00e7\u00e3o dos candidatos (que n\u00e3o  se restringe mais apenas \u00e0 m\u00eddia tradicional e ao jur\u00e1ssico \u201chor\u00e1rio eleitoral  gratuito no r\u00e1dio e na TV\u201d) garantindo repercuss\u00e3o imediata, como o recente  \u201ctwita\u00e7o\u201d da candidata Marina Silva, que garantiu 100 mil novos seguidores em  apenas um dia. Por outro, abre um canal direto para o eleitorado acompanhar, e  cobrar, os seus candidatos, o que os obriga a serem mais transparentes em suas  a\u00e7\u00f5es.<\/p>\n<p>Para abordar o papel do marketing digital como influenciador nas campanhas  pol\u00edticas, a Magoweb promove em agosto o \u201cM\u00eas do Marketing Digital Pol\u00edtico\u201d,  abordando artigos, tutoriais e apresenta\u00e7\u00f5es sobre como o Twitter, Facebook,  Orkut, blogs e demais sites de m\u00eddias e redes sociais podem ser usados na  pol\u00edtica: tanto para os candidatos se aproximarem do eleitor quanto para o  eleitor escolher o seu candidato.<\/p>\n<p>Palestra: No dia 25 ser\u00e1 realizada a  palestra virtual Magowebinar \u201cConhe\u00e7a os 5 pontos essenciais em uma campanha de  marketing digital pol\u00edtico\u201d. A participa\u00e7\u00e3o \u00e9 gratuita e as inscri\u00e7\u00f5es podem ser  feitas pelo site www.magoweb.com.<\/p>\n<p>Sobre a Magoweb<\/p>\n<p>A Magoweb (www.magoweb.com) \u00e9 especializada em solu\u00e7\u00f5es de  marketing digital para empresas de pequeno e m\u00e9dio portes (PMEs). Com mais de 12  anos de mercado e presente em 13 estados, a Magoweb oferece ampla gama de  servi\u00e7os voltados para a internet: consultoria em marketing digital,  desenvolvimento de websites, marketing de buscas e publicidade online,  e-commerce, gest\u00e3o e monitoramento de campanhas nas redes e m\u00eddias sociais.<\/p>\n","protected":false},"excerpt":{"rendered":"<p>Elei\u00e7\u00f5es 2010 &#8211; o Brasil j\u00e1 possui quase 70 milh\u00f5es de internautas, que passam quase tr\u00eas vezes mais tempo diante do computador do que da TV. O pa\u00eds \u00e9 o terceiro com maior n\u00famero de usu\u00e1rios de redes sociais e o segundo no Twitter. Quase 60% das pessoas s\u00f3 concretizam um neg\u00f3cio depois de pesquisar [&hellip;]<\/p>\n","protected":false},"author":3,"featured_media":27621,"comment_status":"open","ping_status":"open","sticky":false,"template":"","format":"standard","meta":{"tdm_status":"","tdm_grid_status":"","footnotes":""},"categories":[22,351,370],"tags":[],"class_list":{"0":"post-30771","1":"post","2":"type-post","3":"status-publish","4":"format-standard","5":"has-post-thumbnail","7":"category-brasil","8":"category-cursos","9":"category-inscricao"},"_links":{"self":[{"href":"https:\/\/migracao.redenoticia.com.br\/noticia\/wp-json\/wp\/v2\/posts\/30771","targetHints":{"allow":["GET"]}}],"collection":[{"href":"https:\/\/migracao.redenoticia.com.br\/noticia\/wp-json\/wp\/v2\/posts"}],"about":[{"href":"https:\/\/migracao.redenoticia.com.br\/noticia\/wp-json\/wp\/v2\/types\/post"}],"author":[{"embeddable":true,"href":"https:\/\/migracao.redenoticia.com.br\/noticia\/wp-json\/wp\/v2\/users\/3"}],"replies":[{"embeddable":true,"href":"https:\/\/migracao.redenoticia.com.br\/noticia\/wp-json\/wp\/v2\/comments?post=30771"}],"version-history":[{"count":0,"href":"https:\/\/migracao.redenoticia.com.br\/noticia\/wp-json\/wp\/v2\/posts\/30771\/revisions"}],"wp:featuredmedia":[{"embeddable":true,"href":"https:\/\/migracao.redenoticia.com.br\/noticia\/wp-json\/wp\/v2\/media\/27621"}],"wp:attachment":[{"href":"https:\/\/migracao.redenoticia.com.br\/noticia\/wp-json\/wp\/v2\/media?parent=30771"}],"wp:term":[{"taxonomy":"category","embeddable":true,"href":"https:\/\/migracao.redenoticia.com.br\/noticia\/wp-json\/wp\/v2\/categories?post=30771"},{"taxonomy":"post_tag","embeddable":true,"href":"https:\/\/migracao.redenoticia.com.br\/noticia\/wp-json\/wp\/v2\/tags?post=30771"}],"curies":[{"name":"wp","href":"https:\/\/api.w.org\/{rel}","templated":true}]}}