{"id":30773,"date":"2010-08-12T16:52:00","date_gmt":"2010-08-12T20:52:00","guid":{"rendered":"http:\/\/www.redenoticia.com.br\/noticia\/?p=30773"},"modified":"2010-08-13T15:28:45","modified_gmt":"2010-08-13T19:28:45","slug":"meteorologia-%e2%80%93-previsao-do-tempo-para-esta-sexta-feira-1308","status":"publish","type":"post","link":"https:\/\/migracao.redenoticia.com.br\/noticia\/2010\/meteorologia-%e2%80%93-previsao-do-tempo-para-esta-sexta-feira-1308\/30773","title":{"rendered":"Meteorologia \u2013 previs\u00e3o do tempo para esta sexta-feira 13\/08"},"content":{"rendered":"<p><strong><em><img loading=\"lazy\" decoding=\"async\" class=\"alignleft size-full wp-image-28409\" title=\"previsao do tempo e temperatura\" src=\"https:\/\/migracao.redenoticia.com.br\/noticia\/imagens\/previsao-do-tempo-e-temperatura.jpg\" alt=\"\" width=\"300\" height=\"193\" srcset=\"https:\/\/migracao.redenoticia.com.br\/noticia\/imagens\/previsao-do-tempo-e-temperatura.jpg 300w, https:\/\/migracao.redenoticia.com.br\/noticia\/imagens\/previsao-do-tempo-e-temperatura-250x160.jpg 250w, https:\/\/migracao.redenoticia.com.br\/noticia\/imagens\/previsao-do-tempo-e-temperatura-150x96.jpg 150w\" sizes=\"auto, (max-width: 300px) 100vw, 300px\" \/>Previs\u00e3o do tempo<\/em><\/strong> \u2013 a <strong><em>meteorologia<\/em><\/strong> divulgou a previs\u00e3o do tempo e <strong><em>temperatura<\/em><\/strong> para esta sexta-feira 13\/08\u00a0e informa que a passagem da frente fria deixa o tempo nublado e com chuva, principalmente pela manh\u00e3, em grande parte do Sul do pa\u00eds. A temperatura estar\u00e1 baixa na Regi\u00e3o e haver\u00e1 condi\u00e7\u00e3o de neve nas serras ga\u00facha e catarinense.\u00a0Segundo a previs\u00e3o do tempo um ciclone extratropical poder\u00e1 causar ventos intensos no litoral entre o sudeste de SC e o RS.\u00a0Dados da previs\u00e3o do tempo indicam que a frente fria chega \u00e0 SP deixando o dia nublado e chove no per\u00edodo da tarde no leste do Estado. O calor e umidade provocam pancada de chuva no Norte do Brasil.\u00a0A previs\u00e3o do tempo destaca que o tempo ficar\u00e1 inst\u00e1vel no leste da BA, PB e de PE. Nas demais \u00e1reas do Brasil o sol predominar\u00e1 e a umidade estar\u00e1 baixa no per\u00edodo da tarde.<\/p>\n<p>Vale do Para\u00edba \u2013 previs\u00e3o do tempo em 13\/08, a nebulosidade aumentar\u00e1 no decorrer do dia e haver\u00e1 possibilidade de chuva a partir da tarde, devido a aproxima\u00e7\u00e3o de uma frente fria. Durante o dia a temperatura estar\u00e1 est\u00e1vel. A chance de chuva \u00e9 maior entre o Litoral Norte e o Alto Vale.<\/p>\n<p>Regi\u00e3o Centro-Oeste \u2013 previs\u00e3o do tempo em 13\/08\/2010: Na faixa sudoeste de MS: nublado com chuva pela manh\u00e3. Na faixa centro-sudoeste de MT e nas demais \u00e1reas de MS: sol com varia\u00e7\u00e3o de nuvens. Nas demais \u00e1reas da Regi\u00e3o: predom\u00ednio de sol com umidade relativa do ar baixa \u00e0 tarde. As temperaturas estar\u00e3o em amenas em MS. Temperatura m\u00e1xima: 39C no centro-sul de MT. Temperatura m\u00ednima: 10C no sul de MS.<\/p>\n<p>Regi\u00e3o Nordeste \u2013 previs\u00e3o do tempo em 13\/08\/2010: No noroeste do MA: sol com nebulosidade vari\u00e1vel e pancadas de chuva isolada. No centro-nordeste e sul da BA, no centro-leste de PE e da PB, no sudeste do RN, em AL e no norte de SE: dia nublado. No extremo leste de PE e da PB e no sul de SE e leste da BA: tempo inst\u00e1vel com poucas aberturas de sol e chuva a qualquer hora. Nas demais \u00e1reas da Regi\u00e3o: predom\u00ednio de sol com umidade relativa do ar baixa no per\u00edodo da tarde no oeste da BA e no sul do PI e do MA. Temperaturas m\u00e1ximas amenas no centro-leste da BA. Temperatura m\u00e1xima: 34C no norte do PI. Temperatura m\u00ednima: 13C no sudeste da BA.<\/p>\n<p>Regi\u00e3o Norte \u2013 previs\u00e3o do tempo em 13\/08\/2010: No leste do AM e de RO, na maior parte do PA e no TO: predom\u00ednio de sol. No sul de RO: sol e varia\u00e7\u00e3o de nuvens. Nas demais \u00e1reas da Regi\u00e3o: sol entre nebulosidade vari\u00e1vel e com pancadas de chuva isolada. A umidade relativa do ar estar\u00e1 baixa no centro-sul do PA e no sudeste do AM e no TO. As temperaturas estar\u00e3o est\u00e1veis. Temperatura m\u00e1xima: 40C no norte de RO. Temperatura m\u00ednima: 14C no sudeste do TO e no sul de RO.<\/p>\n<p>Regi\u00e3o Sudeste \u2013 previs\u00e3o do tempo em 13\/08\/2010: No centro-oeste de MG: predom\u00ednio de sol. No leste de SP: nublado com possibilidade de chuva \u00e0 tarde. Na faixa litor\u00e2nea e no sul de SP e no extremo sul do RJ: nublado com chuva \u00e0 tarde. Nas demais \u00e1reas da Regi\u00e3o: sol e poucas nuvens. Temperaturas em baixas no sudoeste de SP. Temperatura m\u00e1xima: 33C no Tri\u00e2ngulo Mineiro. Temperatura m\u00ednima: 06C na Serra da Mantiqueira.<\/p>\n<p>Regi\u00e3o Sul \u2013 previs\u00e3o do tempo em 13\/08\/2010: No norte do PR: sol entre varia\u00e7\u00e3o de nuvens. No nordeste do PR: nublado com possibilidade de chuva \u00e0 tarde. No extremo leste do RS: tempo inst\u00e1vel com curtos per\u00edodos de sol e chuva a qualquer hora. No sudoeste e noroeste do RS: sol com varia\u00e7\u00e3o de nuvens. No oeste do RS: predom\u00ednio de sol. Nas demais \u00e1reas da Regi\u00e3o: nublado com chuva pela manh\u00e3. Temperaturas baixas com condi\u00e7\u00e3o de neve na Serra Ga\u00facha e Catarinense. Os ventos estar\u00e3o intensos no litoral entre o sudeste de SC e o RS. Temperatura m\u00e1xima: 22C no noroeste do PR. Temperatura m\u00ednima: 05C na nordeste do RS.<\/p>\n<p>Previs\u00e3o do tempo e temperatura CPTEC<\/p>\n","protected":false},"excerpt":{"rendered":"<p>Previs\u00e3o do tempo \u2013 a meteorologia divulgou a previs\u00e3o do tempo e temperatura para esta sexta-feira 13\/08\u00a0e informa que a passagem da frente fria deixa o tempo nublado e com chuva, principalmente pela manh\u00e3, em grande parte do Sul do pa\u00eds. A temperatura estar\u00e1 baixa na Regi\u00e3o e haver\u00e1 condi\u00e7\u00e3o de neve nas serras ga\u00facha [&hellip;]<\/p>\n","protected":false},"author":3,"featured_media":28409,"comment_status":"open","ping_status":"open","sticky":false,"template":"","format":"standard","meta":{"tdm_status":"","tdm_grid_status":"","footnotes":""},"categories":[22],"tags":[],"class_list":{"0":"post-30773","1":"post","2":"type-post","3":"status-publish","4":"format-standard","5":"has-post-thumbnail","7":"category-brasil"},"_links":{"self":[{"href":"https:\/\/migracao.redenoticia.com.br\/noticia\/wp-json\/wp\/v2\/posts\/30773","targetHints":{"allow":["GET"]}}],"collection":[{"href":"https:\/\/migracao.redenoticia.com.br\/noticia\/wp-json\/wp\/v2\/posts"}],"about":[{"href":"https:\/\/migracao.redenoticia.com.br\/noticia\/wp-json\/wp\/v2\/types\/post"}],"author":[{"embeddable":true,"href":"https:\/\/migracao.redenoticia.com.br\/noticia\/wp-json\/wp\/v2\/users\/3"}],"replies":[{"embeddable":true,"href":"https:\/\/migracao.redenoticia.com.br\/noticia\/wp-json\/wp\/v2\/comments?post=30773"}],"version-history":[{"count":0,"href":"https:\/\/migracao.redenoticia.com.br\/noticia\/wp-json\/wp\/v2\/posts\/30773\/revisions"}],"wp:featuredmedia":[{"embeddable":true,"href":"https:\/\/migracao.redenoticia.com.br\/noticia\/wp-json\/wp\/v2\/media\/28409"}],"wp:attachment":[{"href":"https:\/\/migracao.redenoticia.com.br\/noticia\/wp-json\/wp\/v2\/media?parent=30773"}],"wp:term":[{"taxonomy":"category","embeddable":true,"href":"https:\/\/migracao.redenoticia.com.br\/noticia\/wp-json\/wp\/v2\/categories?post=30773"},{"taxonomy":"post_tag","embeddable":true,"href":"https:\/\/migracao.redenoticia.com.br\/noticia\/wp-json\/wp\/v2\/tags?post=30773"}],"curies":[{"name":"wp","href":"https:\/\/api.w.org\/{rel}","templated":true}]}}