{"id":30780,"date":"2010-08-12T16:13:16","date_gmt":"2010-08-12T20:13:16","guid":{"rendered":"http:\/\/www.redenoticia.com.br\/noticia\/?p=30780"},"modified":"2010-08-12T16:13:16","modified_gmt":"2010-08-12T20:13:16","slug":"curso-de-marketing-pleno-especializacao-em-marketing","status":"publish","type":"post","link":"https:\/\/migracao.redenoticia.com.br\/noticia\/2010\/curso-de-marketing-pleno-especializacao-em-marketing\/30780","title":{"rendered":"Curso de &#8220;Marketing Pleno &#8211; Especializa\u00e7\u00e3o em Marketing&#8221;"},"content":{"rendered":"<p>A MMS &#8211; Madia Marketing School abre as<strong><em> inscri\u00e7\u00f5es para a 27\u00aa edi\u00e7\u00e3o do curso &#8220;Marketing Pleno &#8211; Especializa\u00e7\u00e3o em Marketing&#8221;<\/em><\/strong>. Voltado aos profissionais de marketing, comunica\u00e7\u00e3o, promo\u00e7\u00e3o e vendas, o curso \u00e9 reconhecido como o mais completo na \u00e1rea de especializa\u00e7\u00e3o em marketing do Brasil. As aulas ser\u00e3o realizadas aos s\u00e1bados, no per\u00edodo de 14 de agosto a 13 de novembro de 2010, das 8h30 \u00e0s 13h30.<\/p>\n<p>O curso apresenta uma metodologia exclusiva, a Madia Marketing Matrix, desenvolvida pelo MadiaMundoMarketing, contendo 12 P\u00b4s: Phocus, Positioning, Product, Promotion, Place, Price, People, Providers, Post-Place, Protection, P.E.S.T (Pol\u00edtico\/Econ\u00f4mico\/Social\/Tecnol\u00f3gico) e Percognitiom.<\/p>\n<p>Os alunos da 27\u00aa turma ter\u00e3o a oportunidade de conviver com renomados executivos atuantes do mercado de comunica\u00e7\u00e3o\/marketing, tais como: Patricia Marra &#8211; s\u00f3cia-diretora da Am\u00e9rica Marketing; Beth Furtado &#8211; s\u00f3cia-diretora da ALIA; S\u00e9rgio N\u00f3ia &#8211; especialista em com\u00e9rcio varejista e atacadista; Francisco Javier S. M. Alvarez &#8211; Diretor da Trade Marketing Assessoria.<\/p>\n<p>O Marketing Pleno tem como objetivo promover a reciclagem, a atualiza\u00e7\u00e3o de profissionais e o desenvolvimento das ferramentas do marketing, atrav\u00e9s da explana\u00e7\u00e3o das primeiras atividades do setor at\u00e9 o marketing de \u00faltima gera\u00e7\u00e3o. Al\u00e9m de trocar experi\u00eancias com consagrados profissionais da \u00e1rea, os participantes podem exercitar o desenvolvimento de um plano de marketing durante a realiza\u00e7\u00e3o do curso, contando com a orienta\u00e7\u00e3o de um consultor.<\/p>\n<p>Na pr\u00f3xima quarta-feira (30), a MMS realiza uma aula de apresenta\u00e7\u00e3o gratuita com Francisco Alberto Madia de Souza, diretor presidente do MADIAMUNDOMARKETING, para a apresenta\u00e7\u00e3o da proposta e metodologia do curso.<\/p>\n<p>Para participar da aula de apresenta\u00e7\u00e3o \u00e9 necess\u00e1rio realizar a reserva da vaga atrav\u00e9s do site: www.madiamarketingschool.com.br ou do telefone: (11) 3065.6464, com Simone Norte.<\/p>\n","protected":false},"excerpt":{"rendered":"<p>A MMS &#8211; Madia Marketing School abre as inscri\u00e7\u00f5es para a 27\u00aa edi\u00e7\u00e3o do curso &#8220;Marketing Pleno &#8211; Especializa\u00e7\u00e3o em Marketing&#8221;. Voltado aos profissionais de marketing, comunica\u00e7\u00e3o, promo\u00e7\u00e3o e vendas, o curso \u00e9 reconhecido como o mais completo na \u00e1rea de especializa\u00e7\u00e3o em marketing do Brasil. As aulas ser\u00e3o realizadas aos s\u00e1bados, no per\u00edodo de [&hellip;]<\/p>\n","protected":false},"author":3,"featured_media":0,"comment_status":"open","ping_status":"open","sticky":false,"template":"","format":"standard","meta":{"tdm_status":"","tdm_grid_status":"","footnotes":""},"categories":[22,370,353],"tags":[],"class_list":{"0":"post-30780","1":"post","2":"type-post","3":"status-publish","4":"format-standard","6":"category-brasil","7":"category-inscricao","8":"category-oportunidades"},"_links":{"self":[{"href":"https:\/\/migracao.redenoticia.com.br\/noticia\/wp-json\/wp\/v2\/posts\/30780","targetHints":{"allow":["GET"]}}],"collection":[{"href":"https:\/\/migracao.redenoticia.com.br\/noticia\/wp-json\/wp\/v2\/posts"}],"about":[{"href":"https:\/\/migracao.redenoticia.com.br\/noticia\/wp-json\/wp\/v2\/types\/post"}],"author":[{"embeddable":true,"href":"https:\/\/migracao.redenoticia.com.br\/noticia\/wp-json\/wp\/v2\/users\/3"}],"replies":[{"embeddable":true,"href":"https:\/\/migracao.redenoticia.com.br\/noticia\/wp-json\/wp\/v2\/comments?post=30780"}],"version-history":[{"count":0,"href":"https:\/\/migracao.redenoticia.com.br\/noticia\/wp-json\/wp\/v2\/posts\/30780\/revisions"}],"wp:attachment":[{"href":"https:\/\/migracao.redenoticia.com.br\/noticia\/wp-json\/wp\/v2\/media?parent=30780"}],"wp:term":[{"taxonomy":"category","embeddable":true,"href":"https:\/\/migracao.redenoticia.com.br\/noticia\/wp-json\/wp\/v2\/categories?post=30780"},{"taxonomy":"post_tag","embeddable":true,"href":"https:\/\/migracao.redenoticia.com.br\/noticia\/wp-json\/wp\/v2\/tags?post=30780"}],"curies":[{"name":"wp","href":"https:\/\/api.w.org\/{rel}","templated":true}]}}