{"id":30782,"date":"2010-08-12T16:07:41","date_gmt":"2010-08-12T20:07:41","guid":{"rendered":"http:\/\/www.redenoticia.com.br\/noticia\/?p=30782"},"modified":"2010-08-12T16:08:04","modified_gmt":"2010-08-12T20:08:04","slug":"assessoria-de-imprensa-na-area-publica-e-tema-de-curso-da-aberje","status":"publish","type":"post","link":"https:\/\/migracao.redenoticia.com.br\/noticia\/2010\/assessoria-de-imprensa-na-area-publica-e-tema-de-curso-da-aberje\/30782","title":{"rendered":"Assessoria de Imprensa na \u00c1rea P\u00fablica \u00e9 tema de curso da Aberje"},"content":{"rendered":"<p><strong><em>Assessoria de Imprensa<\/em><\/strong> \u00e9 uma das atividades mais tradicionais e relevantes da comunica\u00e7\u00e3o no <strong><em>servi\u00e7o p\u00fablico<\/em><\/strong>. \u00c1rea respons\u00e1vel por gerenciar os fluxos de informa\u00e7\u00e3o entre organiza\u00e7\u00f5es e imprensa, est\u00e1 sendo continuamente aperfei\u00e7oada e exigida, a partir da maior inser\u00e7\u00e3o das organiza\u00e7\u00f5es no debate p\u00fablico, na exig\u00eancia de presta\u00e7\u00e3o de contas e na interlocu\u00e7\u00e3o com diferentes p\u00fablicos de interesse.<\/p>\n<p>Como conseq\u00fc\u00eancia, temos acompanhado o crescimento cont\u00ednuo deste mercado, mantendo-se como \u00f3tima oportunidade profissional. Cada vez mais, institui\u00e7\u00f5es de \u00e1reas e objetivos diversos demonstram interesse em manter uma excelente rela\u00e7\u00e3o com os meios de comunica\u00e7\u00e3o de massa e consolidar uma boa imagem p\u00fablica.<\/p>\n<p>Mas se por um lado o mercado apresenta-se em franca expans\u00e3o, por outro mostra-se cada vez mais competitivo e profissionalizado. Boa forma\u00e7\u00e3o acad\u00eamica e experi\u00eancia em \u00f3rg\u00e3os de comunica\u00e7\u00e3o s\u00e3o importantes, mas insuficientes. O profissional atua cada vez mais em atividades complexas e diversificadas, que demandam transpar\u00eancia, planejamento, gest\u00e3o de pessoas e processos, avalia\u00e7\u00e3o, capacidade de gest\u00e3o de crises e permanente monitoramento do ambiente em que atua.<\/p>\n<p>N\u00e3o basta saber fazer um bom release e atender a jornalistas. A assessoria de imprensa na \u00e1rea p\u00fablica hoje possui exig\u00eancias relacionadas a planejamento, capacita\u00e7\u00e3o de fontes, avalia\u00e7\u00e3o, segmenta\u00e7\u00e3o e internet. \u00c9 preciso conhecer as peculiaridades e possibilidades do trabalho de assessoria de imprensa.<\/p>\n<p>Objetivos<\/p>\n<p>Abordar aspectos pr\u00e1ticos do trabalho de assessoria de comunica\u00e7\u00e3o: o que \u00e9 uma assessoria, como se estrutura, quest\u00f5es cr\u00edticas no trabalho de assessoria, como lidar com jornalistas e fontes, media training, gest\u00e3o de crises e novas m\u00eddias.<\/p>\n<p>Benef\u00edcio aos participantes<\/p>\n<p>O aluno dever\u00e1 deixar o curso com uma vis\u00e3o ao mesmo tempo abrangente e consistente da realidade de uma assessoria de comunica\u00e7\u00e3o. Ou seja, um curso completo de inicia\u00e7\u00e3o no assunto, administrado por profissionais com larga experi\u00eancia, e que busca n\u00e3o apenas oferecer uma reflex\u00e3o sobre o tema como tamb\u00e9m propor e discutir pr\u00e1ticas eficientes visando qualificar a rela\u00e7\u00e3o entre organiza\u00e7\u00e3o, fontes e jornalistas.<\/p>\n<p>Programa<\/p>\n<p>Parte 1<\/p>\n<p>1. Comunica\u00e7\u00e3o governamental, s\u00edntese hist\u00f3rica<br \/>\n2. Evolu\u00e7\u00e3o hist\u00f3rica da Assessoria de Imprensa em governos<br \/>\n3. Tend\u00eancias em Assessoria de Imprensa na \u00e1rea p\u00fablica<br \/>\n4. Quest\u00f5es cr\u00edticas no relacionamento Assessores, Jornalistas e Autoridades<br \/>\n5. Capacitando porta-vozes<br \/>\n6. Agir estrat\u00e9gico em Assessoria de Imprensa na \u00e1rea p\u00fablica<br \/>\n7. Discuss\u00e3o de quest\u00f5es apresentadas pelo grupo<\/p>\n<p>Parte 2<\/p>\n<p>8. Comunica\u00e7\u00e3o nas Organiza\u00e7\u00f5es P\u00fablicas: Gest\u00e3o de Riscos e Emerg\u00eancias<br \/>\n9. Governo e situa\u00e7\u00f5es cr\u00edticas com a imprensa<br \/>\n10. A rela\u00e7\u00e3o da Assessoria com a Organiza\u00e7\u00e3o P\u00fablica (Porta-vozes)<br \/>\n11. M\u00eddias tradicionais x novas: repensando as pr\u00e1ticas em assessoria de imprensa no setor p\u00fablico<br \/>\n12. Discuss\u00e3o de quest\u00f5es apresentadas pelo grupo<\/p>\n<p>Informa\u00e7\u00f5es gerais<\/p>\n<p>Data: 20\/11\/2010<br \/>\nHor\u00e1rio: 9:00 \u00e0s 18:00 horas<br \/>\nDia da Semana: s\u00e1bado<br \/>\nLocal: Av. Ang\u00e9lica, 1761 &#8211; 2\u00b0 andar &#8211; Higien\u00f3polis<br \/>\nCidade: S\u00e3o Paulo<br \/>\nTelefones: (11)2359-4871\/72<\/p>\n<p>Valores:<\/p>\n<p>Associado: R$600<br \/>\nN\u00e3o associado: R$830<\/p>\n","protected":false},"excerpt":{"rendered":"<p>Assessoria de Imprensa \u00e9 uma das atividades mais tradicionais e relevantes da comunica\u00e7\u00e3o no servi\u00e7o p\u00fablico. \u00c1rea respons\u00e1vel por gerenciar os fluxos de informa\u00e7\u00e3o entre organiza\u00e7\u00f5es e imprensa, est\u00e1 sendo continuamente aperfei\u00e7oada e exigida, a partir da maior inser\u00e7\u00e3o das organiza\u00e7\u00f5es no debate p\u00fablico, na exig\u00eancia de presta\u00e7\u00e3o de contas e na interlocu\u00e7\u00e3o com diferentes [&hellip;]<\/p>\n","protected":false},"author":3,"featured_media":0,"comment_status":"open","ping_status":"open","sticky":false,"template":"","format":"standard","meta":{"tdm_status":"","tdm_grid_status":"","footnotes":""},"categories":[22,351,370],"tags":[],"class_list":{"0":"post-30782","1":"post","2":"type-post","3":"status-publish","4":"format-standard","6":"category-brasil","7":"category-cursos","8":"category-inscricao"},"_links":{"self":[{"href":"https:\/\/migracao.redenoticia.com.br\/noticia\/wp-json\/wp\/v2\/posts\/30782","targetHints":{"allow":["GET"]}}],"collection":[{"href":"https:\/\/migracao.redenoticia.com.br\/noticia\/wp-json\/wp\/v2\/posts"}],"about":[{"href":"https:\/\/migracao.redenoticia.com.br\/noticia\/wp-json\/wp\/v2\/types\/post"}],"author":[{"embeddable":true,"href":"https:\/\/migracao.redenoticia.com.br\/noticia\/wp-json\/wp\/v2\/users\/3"}],"replies":[{"embeddable":true,"href":"https:\/\/migracao.redenoticia.com.br\/noticia\/wp-json\/wp\/v2\/comments?post=30782"}],"version-history":[{"count":0,"href":"https:\/\/migracao.redenoticia.com.br\/noticia\/wp-json\/wp\/v2\/posts\/30782\/revisions"}],"wp:attachment":[{"href":"https:\/\/migracao.redenoticia.com.br\/noticia\/wp-json\/wp\/v2\/media?parent=30782"}],"wp:term":[{"taxonomy":"category","embeddable":true,"href":"https:\/\/migracao.redenoticia.com.br\/noticia\/wp-json\/wp\/v2\/categories?post=30782"},{"taxonomy":"post_tag","embeddable":true,"href":"https:\/\/migracao.redenoticia.com.br\/noticia\/wp-json\/wp\/v2\/tags?post=30782"}],"curies":[{"name":"wp","href":"https:\/\/api.w.org\/{rel}","templated":true}]}}