{"id":30787,"date":"2010-08-12T16:30:39","date_gmt":"2010-08-12T20:30:39","guid":{"rendered":"http:\/\/www.redenoticia.com.br\/noticia\/?p=30787"},"modified":"2010-08-12T16:30:39","modified_gmt":"2010-08-12T20:30:39","slug":"inscricoes-para-o-iii-premio-literario-canon-de-poesia","status":"publish","type":"post","link":"https:\/\/migracao.redenoticia.com.br\/noticia\/2010\/inscricoes-para-o-iii-premio-literario-canon-de-poesia\/30787","title":{"rendered":"Inscri\u00e7\u00f5es para o III Pr\u00eamio Liter\u00e1rio Canon de Poesia"},"content":{"rendered":"<p>A Canon, empresa japonesa especializada no desenvolvimento de tecnologias de  gerenciamento de documentos e de imagem, anuncia o \u201cIII <strong><em>Pr\u00eamio Liter\u00e1rio Canon  de Poesia<\/em><\/strong>\u201d, em parceria com a F\u00e1brica de Livros e a Editora Scortecci. O  concurso ser\u00e1 lan\u00e7ado no dia 13 de agosto, pr\u00f3xima sexta-feira, no estande da  Scortecci, na 21\u00aa Bienal Internacional do Livro de S\u00e3o Paulo. O objetivo \u00e9  revelar talentos, promover a literatura e difundir a impress\u00e3o digital de livros  no pa\u00eds.<\/p>\n<p>Neste ano, o tema para desenvolvimento dos trabalhos \u00e9 livre. Uma comiss\u00e3o  julgadora, composta por profissionais de renomado prest\u00edgio liter\u00e1rio, eleger\u00e1  os 50 melhores textos, que ser\u00e3o reunidos e publicados pelo editorial F\u00e1brica de  Livros \/ Editora Scortecci. Cada vendedor receber\u00e1 dez exemplares da obra e  contar\u00e1 ainda com a divulga\u00e7\u00e3o e promo\u00e7\u00e3o da antologia pela Canon em suas a\u00e7\u00f5es  de Marketing e Propaganda, no per\u00edodo de um ano.<\/p>\n<p>\u201cA tecnologia digital permite que um n\u00famero muito maior de escritores possa  ter seus trabalhos publicados. Por meio da parceria com a F\u00e1brica de Livros e  Editora Scortecci, a Canon continua com seu compromisso de contribuir para o  desenvolvimento cultural do pa\u00eds\u201d, afirma Jun Otsuka, presidente da empresa no  Brasil. O executivo destaca a import\u00e2ncia do concurso que, em seu terceiro ano,  j\u00e1 entrou na agenda dos interessados em poesia. \u201cRecebemos constantemente  questionamentos sobre a data de in\u00edcio do pr\u00eamio e quando abriremos as  inscri\u00e7\u00f5es, o que demonstra o interesse de autores por a\u00e7\u00f5es culturais como  esta\u201d, refor\u00e7a.<\/p>\n<p>Poder\u00e3o participar do concurso autores brasileiros, maiores de 16 anos e  residentes no Brasil. As inscri\u00e7\u00f5es podem ser feitas at\u00e9 30 de setembro no site:  <a href=\"http:\/\/www.concursosliterarios.com.br\" target=\"_blank\">http:\/\/www.concursosliterarios.com.br<\/a>. Mais informa\u00e7\u00f5es podem ser obtidas pelo  email premiocanon2010@concursosliterarios.com.br. Os vencedores ser\u00e3o definidos  no m\u00eas de outubro, com impress\u00e3o da antologia prevista para novembro e  lan\u00e7amento em dezembro de 2010.<\/p>\n<p>Sobre a Canon<\/p>\n<p>Com marca registrada em mais de 140 pa\u00edses e faturamento na ordem dos US$ 34  bilh\u00f5es, a CANON se destaca pelo desenvolvimento de tecnologias de gerenciamento  de documentos e de imagem, e pela fabrica\u00e7\u00e3o de uma ampla variedade de produtos  que v\u00e3o desde c\u00e2meras, copiadoras e impressoras, at\u00e9 equipamentos \u00f3pticos para a  ind\u00fastria de semicondutores e lentes profissionais para broadcasting. A empresa  \u00e9 a segunda maior dos Estados Unidos em n\u00famero de patentes e sustenta um  investimento di\u00e1rio de 6 milh\u00f5es em pesquisa e desenvolvimento. No Brasil desde  1974, a Canon conta com infra-estrutura pr\u00f3pria com mais de 200 colaboradores e  uma rede de revendas respons\u00e1vel pela distribui\u00e7\u00e3o de toda a linha de solu\u00e7\u00f5es  corporativas. A empresa oferece ao mercado brasileiro um portf\u00f3lio com mais de  50 produtos entre multifuncionais, copiadoras, fax e scanners. Hoje, mais de 67%  do faturamento mundial da companhia prov\u00e9m dessas solu\u00e7\u00f5es.<\/p>\n<p>Sobre a F\u00e1brica de Livros<\/p>\n<p>Nascida em janeiro de 2008, a F\u00e1brica de Livros oferece ao mercado editorial  solu\u00e7\u00f5es para captura, manuseio, impress\u00e3o, acabamento, log\u00edstica e  comercializa\u00e7\u00e3o de servi\u00e7os gr\u00e1ficos. \u00c9 uma empresa direcionada exclusivamente  ao mundo do livro, voltada ao mercado editorial brasileiro e aos autores que  queiram publicar seus livros de forma independente. Sob a premissa de ter foco  no \u201cfoco do cliente\u201d, a F\u00e1brica de Livros tem sua atua\u00e7\u00e3o posicionada em  produ\u00e7\u00f5es de livros em pequenas tiragens e sob demanda. Para editoras, a F\u00e1brica  de Livros prepara, produz e comercializa em baixas tiragens ou um \u00fanico livro se  necess\u00e1rio, viabilizando a produ\u00e7\u00e3o e a comercializa\u00e7\u00e3o de livros do fundo de  cat\u00e1logo, on demand, sob o conceito da \u201ccauda longa\u201d. O objetivo da F\u00e1brica de  Livros \u00e9 ser l\u00edder no segmento em que atua, com crescimento sustent\u00e1vel por meio  do compartilhamento de esfor\u00e7os e resultados com parceiros de neg\u00f3cios, do  constante desenvolvimento tecnol\u00f3gico e do capital humano.<\/p>\n<p>Mais informa\u00e7\u00f5es em: http:\/\/www.fabricadelivros.com.br.<\/p>\n","protected":false},"excerpt":{"rendered":"<p>A Canon, empresa japonesa especializada no desenvolvimento de tecnologias de gerenciamento de documentos e de imagem, anuncia o \u201cIII Pr\u00eamio Liter\u00e1rio Canon de Poesia\u201d, em parceria com a F\u00e1brica de Livros e a Editora Scortecci. O concurso ser\u00e1 lan\u00e7ado no dia 13 de agosto, pr\u00f3xima sexta-feira, no estande da Scortecci, na 21\u00aa Bienal Internacional do [&hellip;]<\/p>\n","protected":false},"author":3,"featured_media":0,"comment_status":"open","ping_status":"open","sticky":false,"template":"","format":"standard","meta":{"tdm_status":"","tdm_grid_status":"","footnotes":""},"categories":[22,370,353],"tags":[],"class_list":{"0":"post-30787","1":"post","2":"type-post","3":"status-publish","4":"format-standard","6":"category-brasil","7":"category-inscricao","8":"category-oportunidades"},"_links":{"self":[{"href":"https:\/\/migracao.redenoticia.com.br\/noticia\/wp-json\/wp\/v2\/posts\/30787","targetHints":{"allow":["GET"]}}],"collection":[{"href":"https:\/\/migracao.redenoticia.com.br\/noticia\/wp-json\/wp\/v2\/posts"}],"about":[{"href":"https:\/\/migracao.redenoticia.com.br\/noticia\/wp-json\/wp\/v2\/types\/post"}],"author":[{"embeddable":true,"href":"https:\/\/migracao.redenoticia.com.br\/noticia\/wp-json\/wp\/v2\/users\/3"}],"replies":[{"embeddable":true,"href":"https:\/\/migracao.redenoticia.com.br\/noticia\/wp-json\/wp\/v2\/comments?post=30787"}],"version-history":[{"count":0,"href":"https:\/\/migracao.redenoticia.com.br\/noticia\/wp-json\/wp\/v2\/posts\/30787\/revisions"}],"wp:attachment":[{"href":"https:\/\/migracao.redenoticia.com.br\/noticia\/wp-json\/wp\/v2\/media?parent=30787"}],"wp:term":[{"taxonomy":"category","embeddable":true,"href":"https:\/\/migracao.redenoticia.com.br\/noticia\/wp-json\/wp\/v2\/categories?post=30787"},{"taxonomy":"post_tag","embeddable":true,"href":"https:\/\/migracao.redenoticia.com.br\/noticia\/wp-json\/wp\/v2\/tags?post=30787"}],"curies":[{"name":"wp","href":"https:\/\/api.w.org\/{rel}","templated":true}]}}