{"id":30873,"date":"2010-08-17T17:42:31","date_gmt":"2010-08-17T21:42:31","guid":{"rendered":"http:\/\/www.redenoticia.com.br\/noticia\/?p=30873"},"modified":"2010-08-17T17:42:31","modified_gmt":"2010-08-17T21:42:31","slug":"hora-do-horror-no-hopi-hari-primeiro-final-de-semana","status":"publish","type":"post","link":"https:\/\/migracao.redenoticia.com.br\/noticia\/2010\/hora-do-horror-no-hopi-hari-primeiro-final-de-semana\/30873","title":{"rendered":"Hora do Horror no Hopi Hari &#8211; primeiro final de semana"},"content":{"rendered":"<p><img loading=\"lazy\" decoding=\"async\" class=\"alignleft size-full wp-image-30874\" title=\"hopi hari hora horror 2010\" src=\"https:\/\/migracao.redenoticia.com.br\/noticia\/imagens\/hopi-hari-hora-horror-2010.jpg\" alt=\"\" width=\"301\" height=\"194\" srcset=\"https:\/\/migracao.redenoticia.com.br\/noticia\/imagens\/hopi-hari-hora-horror-2010.jpg 301w, https:\/\/migracao.redenoticia.com.br\/noticia\/imagens\/hopi-hari-hora-horror-2010-250x161.jpg 250w, https:\/\/migracao.redenoticia.com.br\/noticia\/imagens\/hopi-hari-hora-horror-2010-150x96.jpg 150w\" sizes=\"auto, (max-width: 301px) 100vw, 301px\" \/>O primeiro final semana da <strong><em>Hora do Horror 2010<\/em><\/strong> de <strong><em>Hopi Hari <\/em><\/strong>foi um sucesso. O  parque recebeu 25 mil pessoas que foram conferir a maior festa do horror da  Am\u00e9rica Latina. O tema da 9\u00aa edi\u00e7\u00e3o \u00e9 \u201cO Museu de Cera\u201d e traz 9 atra\u00e7\u00f5es  especialmente criadas e cheias de emo\u00e7\u00e3o para este evento. O p\u00fablico pode  conferir os tr\u00eas t\u00faneis tem\u00e1ticos: \u201cMuseu de Cera\u201d, \u201cF\u00e1brica\u201d e \u201cA Casa de  Cera\u201d. S\u00e3o mais de 1100m\u00b2 de efeitos especiais, automatiza\u00e7\u00e3o e cenografias  perfeitas. Shows ao vivo, caracteriza\u00e7\u00e3o especial das regi\u00f5es e a uma misteriosa  balada a c\u00e9u aberto complementam uma noite de pura divers\u00e3o.<\/p>\n<p>Na sexta-feira 13, data significativa para o tema, o parque teve mais de 1000  pessoas confirmadas para a avant premi\u00e9re da Hora do Horror 2010. Na ocasi\u00e3o,  convidados e imprensa tiveram a oportunidade de conhecer em primeira m\u00e3o as  surpresas preparadas pelo parque para a edi\u00e7\u00e3o 2010 do evento.<\/p>\n<p>Destaca-se a  grande participa\u00e7\u00e3o dos profissionais de ensino, interessados na novidade para o  Led, Laborat\u00f3rio Educativo de Hopi Hari, que lan\u00e7a uma edi\u00e7\u00e3o especial para a  Hora do Horror, onde os estudantes podem aprender ao vivo e a cores sobre a  import\u00e2ncia do museu e da hist\u00f3ria da humanidade.<\/p>\n<p>Durante a temporada do Horror, Hopi Hari funcionar\u00e1 entre 11h e 21h. A Hora  do Horror come\u00e7a \u00e0s 18h30.<\/p>\n","protected":false},"excerpt":{"rendered":"<p>O primeiro final semana da Hora do Horror 2010 de Hopi Hari foi um sucesso. O parque recebeu 25 mil pessoas que foram conferir a maior festa do horror da Am\u00e9rica Latina. O tema da 9\u00aa edi\u00e7\u00e3o \u00e9 \u201cO Museu de Cera\u201d e traz 9 atra\u00e7\u00f5es especialmente criadas e cheias de emo\u00e7\u00e3o para este evento. [&hellip;]<\/p>\n","protected":false},"author":3,"featured_media":30874,"comment_status":"open","ping_status":"open","sticky":false,"template":"","format":"standard","meta":{"tdm_status":"","tdm_grid_status":"","footnotes":""},"categories":[22],"tags":[],"class_list":{"0":"post-30873","1":"post","2":"type-post","3":"status-publish","4":"format-standard","5":"has-post-thumbnail","7":"category-brasil"},"_links":{"self":[{"href":"https:\/\/migracao.redenoticia.com.br\/noticia\/wp-json\/wp\/v2\/posts\/30873","targetHints":{"allow":["GET"]}}],"collection":[{"href":"https:\/\/migracao.redenoticia.com.br\/noticia\/wp-json\/wp\/v2\/posts"}],"about":[{"href":"https:\/\/migracao.redenoticia.com.br\/noticia\/wp-json\/wp\/v2\/types\/post"}],"author":[{"embeddable":true,"href":"https:\/\/migracao.redenoticia.com.br\/noticia\/wp-json\/wp\/v2\/users\/3"}],"replies":[{"embeddable":true,"href":"https:\/\/migracao.redenoticia.com.br\/noticia\/wp-json\/wp\/v2\/comments?post=30873"}],"version-history":[{"count":0,"href":"https:\/\/migracao.redenoticia.com.br\/noticia\/wp-json\/wp\/v2\/posts\/30873\/revisions"}],"wp:featuredmedia":[{"embeddable":true,"href":"https:\/\/migracao.redenoticia.com.br\/noticia\/wp-json\/wp\/v2\/media\/30874"}],"wp:attachment":[{"href":"https:\/\/migracao.redenoticia.com.br\/noticia\/wp-json\/wp\/v2\/media?parent=30873"}],"wp:term":[{"taxonomy":"category","embeddable":true,"href":"https:\/\/migracao.redenoticia.com.br\/noticia\/wp-json\/wp\/v2\/categories?post=30873"},{"taxonomy":"post_tag","embeddable":true,"href":"https:\/\/migracao.redenoticia.com.br\/noticia\/wp-json\/wp\/v2\/tags?post=30873"}],"curies":[{"name":"wp","href":"https:\/\/api.w.org\/{rel}","templated":true}]}}