{"id":30881,"date":"2010-08-18T12:26:30","date_gmt":"2010-08-18T16:26:30","guid":{"rendered":"http:\/\/www.redenoticia.com.br\/noticia\/?p=30881"},"modified":"2010-08-18T16:10:28","modified_gmt":"2010-08-18T20:10:28","slug":"fumaca-das-queimadas-e-baixa-umidade-faz-rondonia-decretar-estado-de-emergencia","status":"publish","type":"post","link":"https:\/\/migracao.redenoticia.com.br\/noticia\/2010\/fumaca-das-queimadas-e-baixa-umidade-faz-rondonia-decretar-estado-de-emergencia\/30881","title":{"rendered":"Fuma\u00e7a das queimadas e baixa umidade faz Rond\u00f4nia decretar estado de emerg\u00eancia"},"content":{"rendered":"<p><strong><em><img loading=\"lazy\" decoding=\"async\" class=\"alignleft size-full wp-image-19270\" title=\"climatempo\" src=\"https:\/\/migracao.redenoticia.com.br\/noticia\/imagens\/climatempo2.jpg\" alt=\"\" width=\"300\" height=\"193\" srcset=\"https:\/\/migracao.redenoticia.com.br\/noticia\/imagens\/climatempo2.jpg 300w, https:\/\/migracao.redenoticia.com.br\/noticia\/imagens\/climatempo2-250x160.jpg 250w, https:\/\/migracao.redenoticia.com.br\/noticia\/imagens\/climatempo2-150x96.jpg 150w\" sizes=\"auto, (max-width: 300px) 100vw, 300px\" \/>Climatempo <\/em><\/strong>&#8211; o ar polu\u00eddo, a fuma\u00e7a das queimadas e a baixa umidade do ar est\u00e3o causando  problemas respirat\u00f3rios na popula\u00e7\u00e3o de muitas cidades no norte e do  centro-oeste do Brasil. Os pronto-socorros est\u00e3o lotados e as crian\u00e7as s\u00e3o as  mais afetadas.\u00a0Na \u00faltima segunda-feira (16), o c\u00e9u da capital amazonense ficou cinzento,  coberto por uma camada de fuma\u00e7a. Segundo os dados dos aeroportos locais,  Eduardo Gomes e Ponta Pelada, o vento predominante na cidade durante aquela  manh\u00e3 era de sul-sudoeste o que pode ter trazido a fuma\u00e7a gerada pelas queimadas  que se proliferam no norte de Mato Grosso e tamb\u00e9m no sul da regi\u00e3o norte.\u00a0Ontem (17), <strong><em>Rond\u00f4nia<\/em><\/strong> decretou estado de emerg\u00eancia por conta das fuma\u00e7a das  queimadas. Nos pr\u00f3ximos dias, a fuma\u00e7a associada ao calor deve gerar um  desconforto enorme \u00e0 popula\u00e7\u00e3o e agravar problemas de sa\u00fade. O vento pode ajudar  a propagar os focos de inc\u00eandio.<\/p>\n<p>Nesta quarta-feira, (18), a umidade volta a aumentar na maior parte da regi\u00e3o  Norte, o que favorece a ocorr\u00eancia de pancadas de chuva, principalmente no  per\u00edodo da tarde, o que melhora a qualidade do ar. No entanto, ainda h\u00e1 muita  fuma\u00e7a sobre o sul da regi\u00e3o norte onde est\u00e3o localizadas as cidades de Cruzeiro  do Sul, Porto Velho e Rio Branco. No Mato Grosso as queimadas n\u00e3o cessam e a  cidade de Alta Floresta continua coberta por muita fuma\u00e7a com temperatura muito  alta. Ao meio-dia os term\u00f4metros marcavam 33\u00b0C<\/p>\n<p>Amanh\u00e3, (19) n\u00e3o h\u00e1 previs\u00e3o de chuva em Rond\u00f4nia, Acre, sul do Amazonas e do  Par\u00e1 e no norte de Mato Grosso. J\u00e1, no extremo norte do Pa\u00eds, inclusive em  Manaus, h\u00e1 condi\u00e7\u00f5es para pancadas de chuva que ajuda a melhorar um pouco a  qualidade do ar.<\/p>\n<p>A recomenda\u00e7\u00e3o para a popula\u00e7\u00e3o destas \u00e1reas que sofrem com a umidade baixa e  os focos de inc\u00eandio \u00e9 que use roupas leves, aumente a ingest\u00e3o de l\u00edquidos e  evite praticar atividades f\u00edsicas entre 10h e 17h.<\/p>\n<p>Sobre o Grupo Climatempo<\/p>\n<p>O Grupo Climatempo \u00e9 a maior empresa privada de meteorologia do pa\u00eds.  Fornece, atualmente, conte\u00fado para mais de 50 retransmissoras nacionais de  televis\u00e3o, para r\u00e1dios de todo o Brasil e para os principais portais. Com cerca  de 1.100 clientes, a empresa atua principalmente em dois segmentos: o de  agroneg\u00f3cios e o de meios de comunica\u00e7\u00e3o. Oferece tamb\u00e9m conte\u00fado meteorol\u00f3gico  estrat\u00e9gico para empresas de moda e varejo, energia el\u00e9trica, constru\u00e7\u00e3o civil,  transporte e log\u00edstica, al\u00e9m de bancos, seguradoras e ind\u00fastrias farmac\u00eautica e  de alimentos. O Grupo \u00e9 presidido pelo meteorologista Carlos Magno que, com mais  de 23 anos de carreira, foi um dos primeiros comunicadores da profiss\u00e3o no pa\u00eds.<\/p>\n","protected":false},"excerpt":{"rendered":"<p>Climatempo &#8211; o ar polu\u00eddo, a fuma\u00e7a das queimadas e a baixa umidade do ar est\u00e3o causando problemas respirat\u00f3rios na popula\u00e7\u00e3o de muitas cidades no norte e do centro-oeste do Brasil. Os pronto-socorros est\u00e3o lotados e as crian\u00e7as s\u00e3o as mais afetadas.\u00a0Na \u00faltima segunda-feira (16), o c\u00e9u da capital amazonense ficou cinzento, coberto por uma [&hellip;]<\/p>\n","protected":false},"author":3,"featured_media":19270,"comment_status":"open","ping_status":"open","sticky":false,"template":"","format":"standard","meta":{"tdm_status":"","tdm_grid_status":"","footnotes":""},"categories":[22,327,388],"tags":[],"class_list":{"0":"post-30881","1":"post","2":"type-post","3":"status-publish","4":"format-standard","5":"has-post-thumbnail","7":"category-brasil","8":"category-clima","9":"category-destaques"},"_links":{"self":[{"href":"https:\/\/migracao.redenoticia.com.br\/noticia\/wp-json\/wp\/v2\/posts\/30881","targetHints":{"allow":["GET"]}}],"collection":[{"href":"https:\/\/migracao.redenoticia.com.br\/noticia\/wp-json\/wp\/v2\/posts"}],"about":[{"href":"https:\/\/migracao.redenoticia.com.br\/noticia\/wp-json\/wp\/v2\/types\/post"}],"author":[{"embeddable":true,"href":"https:\/\/migracao.redenoticia.com.br\/noticia\/wp-json\/wp\/v2\/users\/3"}],"replies":[{"embeddable":true,"href":"https:\/\/migracao.redenoticia.com.br\/noticia\/wp-json\/wp\/v2\/comments?post=30881"}],"version-history":[{"count":0,"href":"https:\/\/migracao.redenoticia.com.br\/noticia\/wp-json\/wp\/v2\/posts\/30881\/revisions"}],"wp:featuredmedia":[{"embeddable":true,"href":"https:\/\/migracao.redenoticia.com.br\/noticia\/wp-json\/wp\/v2\/media\/19270"}],"wp:attachment":[{"href":"https:\/\/migracao.redenoticia.com.br\/noticia\/wp-json\/wp\/v2\/media?parent=30881"}],"wp:term":[{"taxonomy":"category","embeddable":true,"href":"https:\/\/migracao.redenoticia.com.br\/noticia\/wp-json\/wp\/v2\/categories?post=30881"},{"taxonomy":"post_tag","embeddable":true,"href":"https:\/\/migracao.redenoticia.com.br\/noticia\/wp-json\/wp\/v2\/tags?post=30881"}],"curies":[{"name":"wp","href":"https:\/\/api.w.org\/{rel}","templated":true}]}}