{"id":30890,"date":"2010-08-18T15:24:52","date_gmt":"2010-08-18T19:24:52","guid":{"rendered":"http:\/\/www.redenoticia.com.br\/noticia\/?p=30890"},"modified":"2010-08-18T15:24:52","modified_gmt":"2010-08-18T19:24:52","slug":"spturis-perfil-dos-visitantes-da-bienal-do-livro","status":"publish","type":"post","link":"https:\/\/migracao.redenoticia.com.br\/noticia\/2010\/spturis-perfil-dos-visitantes-da-bienal-do-livro\/30890","title":{"rendered":"SPTuris &#8211; perfil dos visitantes da Bienal do Livro"},"content":{"rendered":"<p>O Observat\u00f3rio do Turismo da Cidade de S\u00e3o Paulo, n\u00facleo de estudos e pesquisas  da S\u00e3o Paulo Turismo (SPTuris \u2013 empresa municipal de promo\u00e7\u00e3o tur\u00edstica e  eventos), est\u00e1 fazendo uma pesquisa para tra\u00e7ar o <strong><em><span style=\"font-weight: normal;\"><span style=\"font-style: normal;\">perfil dos visitantes que v\u00eam  \u00e0<\/span><\/span> Bienal Internacional do Livro<\/em><\/strong> de S\u00e3o Paulo, que vai at\u00e9 dia 22 de agosto. Seis  pesquisadores, todos profissionais da \u00e1rea de turismo, ir\u00e3o entrevistar cerca de  1.200 pessoas durante quatro dias.<\/p>\n<p>De acordo com o diretor de Turismo e Entretenimento da SPTuris, Luiz  Sales, esse \u00e9 um dos grandes eventos da cidade que deve ser estudado. \u201cQueremos  saber quem \u00e9 esse visitante. Vamos apurar dados como o perfil sociodemogr\u00e1fico e  colher informa\u00e7\u00f5es como os gastos dos turistas que vem ao evento\u201d, explica.<\/p>\n<p>Em 2008, a Bienal recebeu 728 mil visitantes. Segundo dados da pesquisa  daquele ano, cerca de 33% (240 mil) eram turistas, que movimentaram  aproximadamente R$ 91,7 milh\u00f5es na capital paulista. \u201cVerificamos um aumento nos  gastos dos visitantes. Em rela\u00e7\u00e3o a 2006, o crescimento foi de 27%. A m\u00e9dia de  pernoites tamb\u00e9m aumentou, indo de 2,2 em 2006 para tr\u00eas em 2008\u201d, afirma  Sales.<\/p>\n<p>O levantamento de 2008 revelou ainda que os turistas brasileiros s\u00e3o, em  sua maioria, do pr\u00f3prio Estado de S\u00e3o Paulo \u2013 69%, principalmente das cidades de  Campinas, Jundia\u00ed, Sorocaba, Guaruj\u00e1 e Santos. J\u00e1 os de outros Estados v\u00eam  especialmente de Curitiba, Rio de Janeiro, Po\u00e7os de Caldas, Bras\u00edlia e Belo  Horizonte. J\u00e1 os turistas estrangeiros, que representam 14,2% do total de  turistas, procedem, em sua maioria de Portugal, Estados Unidos, Alemanha, Jap\u00e3o  e Inglaterra.<\/p>\n<p>Outro dado importante deu conta de que 60% desse p\u00fablico \u00e9 feminino; 58%  hospedaram-se em hot\u00e9is (36% em casa de amigos) e 61% veio a lazer (19,4% veio a  neg\u00f3cios). A faixa et\u00e1ria predominante \u00e9 de 18 a 24 anos (26,2%), seguido pela  faixa et\u00e1ria de 30 a 39 anos (25%). Se considerado o p\u00fablico de 30 a 49 anos, o  percentual \u00e9 de 43%.<\/p>\n<p>Em rela\u00e7\u00e3o \u00e0 ocupa\u00e7\u00e3o profissional, 36,7% do p\u00fablico \u00e9 de assalariados  com registro profissional; 17,4% de funcion\u00e1rios p\u00fablicos e 15,7% de estudantes.  A maioria \u00e9 de graduados \u2013 38,1%, seguida de pessoas com curso superior  incompleto \u2013 28,3%. Os p\u00f3s-graduados s\u00e3o 13,1% do p\u00fablico.<\/p>\n<p>A renda mensal predominante \u00e9 de um a cinco sal\u00e1rios m\u00ednimos (54,5% do  publico), seguido por um p\u00fablico de renda de seis a dez sal\u00e1rios m\u00ednimos  (18,5%).<\/p>\n<p>Os gastos dos turistas foram divididos da seguinte forma: 33% em compras,  20,9% em alimenta\u00e7\u00e3o, 19,5% em hospedagem, 17% em lazer e 9,6% em transporte.  (Esse valor n\u00e3o inclui os gastos com compras de livros durante a Bienal).<\/p>\n<p>Tamb\u00e9m foi verificado que, em rela\u00e7\u00e3o \u00e0 freq\u00fc\u00eancia de visita \u00e0 cidade S\u00e3o  Paulo, quando comparado a 2006, cresceu em mais de 8 pontos percentuais o n\u00famero  de turistas motivados em conhecer a cidade pela primeira vez, devido ao  evento.<\/p>\n<p>Outra informa\u00e7\u00e3o significativa foi a avalia\u00e7\u00e3o dos turistas sobre a  cidade. Compras, os atrativos culturais e a gastronomia da cidade foram os itens  melhor avaliados, alcan\u00e7ando aprova\u00e7\u00e3o m\u00e1xima de 60% dos visitantes. Os itens  limpeza urbana, transporte p\u00fablico e seguran\u00e7a foram os mais baixos. No entanto,  ainda est\u00e3o acima da m\u00e9dia (considerados satisfat\u00f3rios pela maioria) e todos  melhoraram sua avalia\u00e7\u00e3o em rela\u00e7\u00e3o a 2006. Limpeza urbana melhorou em 9%,  transporte p\u00fablico melhorou em 1,8% e seguran\u00e7a p\u00fablica em 3,1%.<\/p>\n<p>Avalia\u00e7\u00e3o da cidade pelos turistas em 2008<\/p>\n<p>(Crit\u00e9rio: m\u00ednimo de 1 para \u201caqu\u00e9m das expectativas\u201d e m\u00e1ximo de 7 para  \u201cmuito al\u00e9m das expectativas\u201d. Os percentuais citados s\u00e3o aqueles que obtiveram  a maioria das notas dos entrevistados).<br \/>\nCompras: 65,6% deram nota 7<\/p>\n<p>Atrativos Culturais: 60,4% deram nota 7<\/p>\n<p>Gastronomia: 59,1% deram nota 7<\/p>\n<p>Hospedagem: 39,5% deram nota 7<\/p>\n<p>Centrais de Informa\u00e7\u00e3o Tur\u00edstica: 24,8% deram nota 7<\/p>\n<p>Hospitalidade da Popula\u00e7\u00e3o: 29,5% deram nota 7<br \/>\nLimpeza urbana: 26,6% deram nota 5<\/p>\n<p>Seguran\u00e7a P\u00fablica: 23,6% deram nota 5<\/p>\n<p>Transporte p\u00fablico: 23,6% deram notas 5<br \/>\nSobre a Bienal do Livro<br \/>\nEm sua 21\u00b0 edi\u00e7\u00e3o, a Bienal Internacional do Livro acontece mais uma vez  no Pavilh\u00e3o de Exposi\u00e7\u00f5es do Anhembi, at\u00e9 22 de agosto. A feira recebeu um  investimento 20% maior que na \u00faltima edi\u00e7\u00e3o e trouxe 70% mais horas de palestras  e debates, em seus 60 mil m\u00b2 de exposi\u00e7\u00e3o. A expectativa \u00e9 de reunir mais de 700  mil visitantes e 350 expositores do Brasil e do exterior, que representam mais  de 900 selos editoriais. \u00c9 o terceiro maior evento do g\u00eanero do mundo.<\/p>\n","protected":false},"excerpt":{"rendered":"<p>O Observat\u00f3rio do Turismo da Cidade de S\u00e3o Paulo, n\u00facleo de estudos e pesquisas da S\u00e3o Paulo Turismo (SPTuris \u2013 empresa municipal de promo\u00e7\u00e3o tur\u00edstica e eventos), est\u00e1 fazendo uma pesquisa para tra\u00e7ar o perfil dos visitantes que v\u00eam \u00e0 Bienal Internacional do Livro de S\u00e3o Paulo, que vai at\u00e9 dia 22 de agosto. Seis [&hellip;]<\/p>\n","protected":false},"author":3,"featured_media":0,"comment_status":"open","ping_status":"open","sticky":false,"template":"","format":"standard","meta":{"tdm_status":"","tdm_grid_status":"","footnotes":""},"categories":[22,7],"tags":[],"class_list":{"0":"post-30890","1":"post","2":"type-post","3":"status-publish","4":"format-standard","6":"category-brasil","7":"category-economia"},"_links":{"self":[{"href":"https:\/\/migracao.redenoticia.com.br\/noticia\/wp-json\/wp\/v2\/posts\/30890","targetHints":{"allow":["GET"]}}],"collection":[{"href":"https:\/\/migracao.redenoticia.com.br\/noticia\/wp-json\/wp\/v2\/posts"}],"about":[{"href":"https:\/\/migracao.redenoticia.com.br\/noticia\/wp-json\/wp\/v2\/types\/post"}],"author":[{"embeddable":true,"href":"https:\/\/migracao.redenoticia.com.br\/noticia\/wp-json\/wp\/v2\/users\/3"}],"replies":[{"embeddable":true,"href":"https:\/\/migracao.redenoticia.com.br\/noticia\/wp-json\/wp\/v2\/comments?post=30890"}],"version-history":[{"count":0,"href":"https:\/\/migracao.redenoticia.com.br\/noticia\/wp-json\/wp\/v2\/posts\/30890\/revisions"}],"wp:attachment":[{"href":"https:\/\/migracao.redenoticia.com.br\/noticia\/wp-json\/wp\/v2\/media?parent=30890"}],"wp:term":[{"taxonomy":"category","embeddable":true,"href":"https:\/\/migracao.redenoticia.com.br\/noticia\/wp-json\/wp\/v2\/categories?post=30890"},{"taxonomy":"post_tag","embeddable":true,"href":"https:\/\/migracao.redenoticia.com.br\/noticia\/wp-json\/wp\/v2\/tags?post=30890"}],"curies":[{"name":"wp","href":"https:\/\/api.w.org\/{rel}","templated":true}]}}