{"id":3096,"date":"2009-06-17T19:18:08","date_gmt":"2009-06-17T23:18:08","guid":{"rendered":"http:\/\/www.redenoticia.com.br\/noticia\/?p=3096"},"modified":"2009-06-18T21:45:45","modified_gmt":"2009-06-19T01:45:45","slug":"festa-junina-da-escola-julio-guerra-de-ji-parana-foi-adiada","status":"publish","type":"post","link":"https:\/\/migracao.redenoticia.com.br\/noticia\/2009\/festa-junina-da-escola-julio-guerra-de-ji-parana-foi-adiada\/3096","title":{"rendered":"Festa Junina da Escola Julio Guerra de Ji-Paran\u00e1 foi adiada"},"content":{"rendered":"<p><a href=\"https:\/\/migracao.redenoticia.com.br\/noticia\/imagens\/\/junina.jpg\"><img loading=\"lazy\" decoding=\"async\" class=\"alignleft size-full wp-image-1304\" title=\"junina\" src=\"https:\/\/migracao.redenoticia.com.br\/noticia\/imagens\/\/junina.jpg\" alt=\"junina\" width=\"150\" height=\"113\" \/><\/a>Os Alunos\/Formandos 2009 da escola Julio Guerra, em prol da formatura de conclus\u00e3o do ensino m\u00e9dio, realizariam no pr\u00f3ximo dia 20 (S\u00e1bado), a Festa Junina, t\u00edpica deste m\u00eas.<\/p>\n<p>Em conseq\u00fc\u00eancia do curto prazo para a organiza\u00e7\u00e3o da festa, foi decidido pela comiss\u00e3o de formatura que a festa se realizar\u00e1 somente no dia 22 de agosto, onde no mesmo dia se comemora o Dia do Folclore.<\/p>\n<p>No entanto, ser\u00e1 a \u201cFesta das Regi\u00f5es\u201d, com comidas, dan\u00e7as, roupas e uma infinidade de atra\u00e7\u00f5es t\u00edpicas de cada regi\u00e3o. A Festa ser\u00e1 realizada na escola Julio Guerra, e contar\u00e1 com a presen\u00e7a de toda a comunidade.<\/p>\n<p>Andressa Damiana<\/p>\n<p>Aluna Rep\u00f3rter<\/p>\n","protected":false},"excerpt":{"rendered":"<p>Os Alunos\/Formandos 2009 da escola Julio Guerra, em prol da formatura de conclus\u00e3o do ensino m\u00e9dio, realizariam no pr\u00f3ximo dia 20 (S\u00e1bado), a Festa Junina, t\u00edpica deste m\u00eas. Em conseq\u00fc\u00eancia do curto prazo para a organiza\u00e7\u00e3o da festa, foi decidido pela comiss\u00e3o de formatura que a festa se realizar\u00e1 somente no dia 22 de agosto, [&hellip;]<\/p>\n","protected":false},"author":3,"featured_media":0,"comment_status":"open","ping_status":"open","sticky":false,"template":"","format":"standard","meta":{"tdm_status":"","tdm_grid_status":"","footnotes":""},"categories":[22],"tags":[],"class_list":{"0":"post-3096","1":"post","2":"type-post","3":"status-publish","4":"format-standard","6":"category-brasil"},"_links":{"self":[{"href":"https:\/\/migracao.redenoticia.com.br\/noticia\/wp-json\/wp\/v2\/posts\/3096","targetHints":{"allow":["GET"]}}],"collection":[{"href":"https:\/\/migracao.redenoticia.com.br\/noticia\/wp-json\/wp\/v2\/posts"}],"about":[{"href":"https:\/\/migracao.redenoticia.com.br\/noticia\/wp-json\/wp\/v2\/types\/post"}],"author":[{"embeddable":true,"href":"https:\/\/migracao.redenoticia.com.br\/noticia\/wp-json\/wp\/v2\/users\/3"}],"replies":[{"embeddable":true,"href":"https:\/\/migracao.redenoticia.com.br\/noticia\/wp-json\/wp\/v2\/comments?post=3096"}],"version-history":[{"count":0,"href":"https:\/\/migracao.redenoticia.com.br\/noticia\/wp-json\/wp\/v2\/posts\/3096\/revisions"}],"wp:attachment":[{"href":"https:\/\/migracao.redenoticia.com.br\/noticia\/wp-json\/wp\/v2\/media?parent=3096"}],"wp:term":[{"taxonomy":"category","embeddable":true,"href":"https:\/\/migracao.redenoticia.com.br\/noticia\/wp-json\/wp\/v2\/categories?post=3096"},{"taxonomy":"post_tag","embeddable":true,"href":"https:\/\/migracao.redenoticia.com.br\/noticia\/wp-json\/wp\/v2\/tags?post=3096"}],"curies":[{"name":"wp","href":"https:\/\/api.w.org\/{rel}","templated":true}]}}