{"id":30961,"date":"2010-11-25T10:07:20","date_gmt":"2010-11-25T14:07:20","guid":{"rendered":"http:\/\/www.redenoticia.com.br\/noticia\/?p=30961"},"modified":"2012-04-12T18:25:31","modified_gmt":"2012-04-12T21:25:31","slug":"resumo-do-proximo-capitulo-da-novela-canavial-de-paixoes","status":"publish","type":"post","link":"https:\/\/migracao.redenoticia.com.br\/noticia\/2010\/resumo-do-proximo-capitulo-da-novela-canavial-de-paixoes\/30961","title":{"rendered":"Resumo do pr\u00f3ximo cap\u00edtulo da novela \u201cCanavial de Paix\u00f5es\u201d"},"content":{"rendered":"<p><strong><em><img loading=\"lazy\" decoding=\"async\" class=\"alignleft size-full wp-image-30962\" title=\"canavial de paixoes novela proximo capitulo sbt\" src=\"https:\/\/migracao.redenoticia.com.br\/noticia\/imagens\/canavial-de-paixoes-novela-proximo-capitulo-sbt.jpg\" alt=\"\" width=\"300\" height=\"193\" srcset=\"https:\/\/migracao.redenoticia.com.br\/noticia\/imagens\/canavial-de-paixoes-novela-proximo-capitulo-sbt.jpg 300w, https:\/\/migracao.redenoticia.com.br\/noticia\/imagens\/canavial-de-paixoes-novela-proximo-capitulo-sbt-250x160.jpg 250w, https:\/\/migracao.redenoticia.com.br\/noticia\/imagens\/canavial-de-paixoes-novela-proximo-capitulo-sbt-150x96.jpg 150w\" sizes=\"auto, (max-width: 300px) 100vw, 300px\" \/>Resumo<\/em><\/strong> do\u00a0<strong><em>pr\u00f3ximo cap\u00edtulo<\/em><\/strong> da\u00a0<strong><em>novela Canavial de Paix\u00f5es<\/em><\/strong> \u2013 o\u00a0<strong><em>SBT <\/em><\/strong>divulgou no resumo do pr\u00f3ximo cap\u00edtulo da novela Canavial de Paix\u00f5es que Jo\u00e3o de Deus ganha de Clara as terras que eram de Fausto.Em Canavial de Paix\u00f5es, novela do SBT, cap\u00edtulo\u00a085, quinta-feira, 25 de novembro &#8211;\u00a0Maria e Vicente contam a Lourdes que esperam outro filho e a convidam para ser a madrinha do beb\u00ea. Teresa pede perd\u00e3o a Clara. Miguel entrega a Clara o certificado de propriedade dos canaviais e as joias de D\u00e9bora. Jo\u00e3o de Deus ganha de Clara as terras que eram de Fausto.<\/p>\n<p>Em Canavial de Paix\u00f5es, novela do SBT, cap\u00edtulo\u00a086, sexta-feira, 26 de novembro &#8211; a\u00a0emissora n\u00e3o divulga o cap\u00edtulo final de suas tramas. S\u00e1bado, 27 de novembro, reprise do \u00faltimo cap\u00edtulo.<\/p>\n<p>Canavial de Paix\u00f5es, novela do SBT &#8211;\u00a0A trama se passa no pequeno povoado cat\u00f3lico chamado S\u00e3o Bento dos Canaviais. A economia da cidade \u00e9 baseada no plantio de cana e na produ\u00e7\u00e3o de a\u00e7\u00facar, principalmente do Grupo Usineiro Gi\u00e1como. Nesse cen\u00e1rio v\u00e3o ocorrer encontros e desencontros, intrigas e amores que o tempo n\u00e3o pode apagar.<\/p>\n","protected":false},"excerpt":{"rendered":"<p>Resumo do\u00a0pr\u00f3ximo cap\u00edtulo da\u00a0novela Canavial de Paix\u00f5es \u2013 o\u00a0SBT divulgou no resumo do pr\u00f3ximo cap\u00edtulo da novela Canavial de Paix\u00f5es que Jo\u00e3o de Deus ganha de Clara as terras que eram de Fausto.Em Canavial de Paix\u00f5es, novela do SBT, cap\u00edtulo\u00a085, quinta-feira, 25 de novembro &#8211;\u00a0Maria e Vicente contam a Lourdes que esperam outro filho e [&hellip;]<\/p>\n","protected":false},"author":3,"featured_media":30962,"comment_status":"open","ping_status":"open","sticky":false,"template":"","format":"standard","meta":{"tdm_status":"","tdm_grid_status":"","footnotes":""},"categories":[22,379,372,343],"tags":[],"class_list":{"0":"post-30961","1":"post","2":"type-post","3":"status-publish","4":"format-standard","5":"has-post-thumbnail","7":"category-brasil","8":"category-novelas","9":"category-sbt","10":"category-televisao"},"_links":{"self":[{"href":"https:\/\/migracao.redenoticia.com.br\/noticia\/wp-json\/wp\/v2\/posts\/30961","targetHints":{"allow":["GET"]}}],"collection":[{"href":"https:\/\/migracao.redenoticia.com.br\/noticia\/wp-json\/wp\/v2\/posts"}],"about":[{"href":"https:\/\/migracao.redenoticia.com.br\/noticia\/wp-json\/wp\/v2\/types\/post"}],"author":[{"embeddable":true,"href":"https:\/\/migracao.redenoticia.com.br\/noticia\/wp-json\/wp\/v2\/users\/3"}],"replies":[{"embeddable":true,"href":"https:\/\/migracao.redenoticia.com.br\/noticia\/wp-json\/wp\/v2\/comments?post=30961"}],"version-history":[{"count":0,"href":"https:\/\/migracao.redenoticia.com.br\/noticia\/wp-json\/wp\/v2\/posts\/30961\/revisions"}],"wp:featuredmedia":[{"embeddable":true,"href":"https:\/\/migracao.redenoticia.com.br\/noticia\/wp-json\/wp\/v2\/media\/30962"}],"wp:attachment":[{"href":"https:\/\/migracao.redenoticia.com.br\/noticia\/wp-json\/wp\/v2\/media?parent=30961"}],"wp:term":[{"taxonomy":"category","embeddable":true,"href":"https:\/\/migracao.redenoticia.com.br\/noticia\/wp-json\/wp\/v2\/categories?post=30961"},{"taxonomy":"post_tag","embeddable":true,"href":"https:\/\/migracao.redenoticia.com.br\/noticia\/wp-json\/wp\/v2\/tags?post=30961"}],"curies":[{"name":"wp","href":"https:\/\/api.w.org\/{rel}","templated":true}]}}