{"id":3100,"date":"2009-06-17T19:33:53","date_gmt":"2009-06-17T23:33:53","guid":{"rendered":"http:\/\/www.redenoticia.com.br\/noticia\/?p=3100"},"modified":"2009-06-17T19:35:03","modified_gmt":"2009-06-17T23:35:03","slug":"servidores-federais-em-rondonia-fazem-manifestacao","status":"publish","type":"post","link":"https:\/\/migracao.redenoticia.com.br\/noticia\/2009\/servidores-federais-em-rondonia-fazem-manifestacao\/3100","title":{"rendered":"Servidores Federais em Rond\u00f4nia fazem manifesta\u00e7\u00e3o"},"content":{"rendered":"<p>Aproximadamente mil servidores Federais vindos de v\u00e1rios munic\u00edpios do interior e de Porto Velho participaram nesta quarta-feira (17) de uma mobiliza\u00e7\u00e3o nacional contra o governo. O manifesto realizado o Sindicato dos Servidores P\u00fablicos Federais (Sindisef), aconteceu em frente o Pal\u00e1cio Get\u00falio Vargas durante boa parte da manh\u00e3.<\/p>\n<p>Os manifestantes reivindicavam o reajuste dos sal\u00e1rios, o cumprimento dos acordos feitos com diversos setores, a paridade entre ativos, aposentados e pensionistas, cortes no or\u00e7amento e a retirada de projetos do Congresso Nacional. Outra solicita\u00e7\u00e3o feita eles, foi contra a PLP-306\/08, lei complementar que prop\u00f5e o fim do Regime Jur\u00eddico \u00danico (RJU) e a volta dos contratados equiparados pela Consolida\u00e7\u00e3o das Leis do Trabalho, a CLT.<\/p>\n<p>Caso as solicita\u00e7\u00f5es n\u00e3o forem atendidas, de acordo com os l\u00edderes sindicais, eles n\u00e3o descartam a possibilidade de uma greve geral envolvendo todos os setores p\u00fablicos federais do Pa\u00eds. \u201cS\u00e3o anos de negocia\u00e7\u00f5es, n\u00e3o podemos mais esperar por um governo preocupado apenas com pr\u00f3prios interesses. Enquanto isso, n\u00f3s servidores da P\u00e1tria ficamos a ver navios\u201d, enfatiza M\u00e1rio Jorge, diretor do Sindisef\u00a0 Rond\u00f4nia.<\/p>\n<p>Logo ap\u00f3s esse movimento, os manifestantes percorreram as principais ruas do centro da cidade em passeata, gritando palavras de ordem.<\/p>\n<p>Fonte: DECOM &#8211; Departamento de Comunica\u00e7\u00e3o Social<\/p>\n","protected":false},"excerpt":{"rendered":"<p>Aproximadamente mil servidores Federais vindos de v\u00e1rios munic\u00edpios do interior e de Porto Velho participaram nesta quarta-feira (17) de uma mobiliza\u00e7\u00e3o nacional contra o governo. O manifesto realizado o Sindicato dos Servidores P\u00fablicos Federais (Sindisef), aconteceu em frente o Pal\u00e1cio Get\u00falio Vargas durante boa parte da manh\u00e3. Os manifestantes reivindicavam o reajuste dos sal\u00e1rios, o [&hellip;]<\/p>\n","protected":false},"author":3,"featured_media":0,"comment_status":"open","ping_status":"open","sticky":false,"template":"","format":"standard","meta":{"tdm_status":"","tdm_grid_status":"","footnotes":""},"categories":[22],"tags":[],"class_list":{"0":"post-3100","1":"post","2":"type-post","3":"status-publish","4":"format-standard","6":"category-brasil"},"_links":{"self":[{"href":"https:\/\/migracao.redenoticia.com.br\/noticia\/wp-json\/wp\/v2\/posts\/3100","targetHints":{"allow":["GET"]}}],"collection":[{"href":"https:\/\/migracao.redenoticia.com.br\/noticia\/wp-json\/wp\/v2\/posts"}],"about":[{"href":"https:\/\/migracao.redenoticia.com.br\/noticia\/wp-json\/wp\/v2\/types\/post"}],"author":[{"embeddable":true,"href":"https:\/\/migracao.redenoticia.com.br\/noticia\/wp-json\/wp\/v2\/users\/3"}],"replies":[{"embeddable":true,"href":"https:\/\/migracao.redenoticia.com.br\/noticia\/wp-json\/wp\/v2\/comments?post=3100"}],"version-history":[{"count":0,"href":"https:\/\/migracao.redenoticia.com.br\/noticia\/wp-json\/wp\/v2\/posts\/3100\/revisions"}],"wp:attachment":[{"href":"https:\/\/migracao.redenoticia.com.br\/noticia\/wp-json\/wp\/v2\/media?parent=3100"}],"wp:term":[{"taxonomy":"category","embeddable":true,"href":"https:\/\/migracao.redenoticia.com.br\/noticia\/wp-json\/wp\/v2\/categories?post=3100"},{"taxonomy":"post_tag","embeddable":true,"href":"https:\/\/migracao.redenoticia.com.br\/noticia\/wp-json\/wp\/v2\/tags?post=3100"}],"curies":[{"name":"wp","href":"https:\/\/api.w.org\/{rel}","templated":true}]}}