{"id":31037,"date":"2010-08-24T18:06:47","date_gmt":"2010-08-24T22:06:47","guid":{"rendered":"http:\/\/www.redenoticia.com.br\/noticia\/?p=31037"},"modified":"2010-08-24T18:06:47","modified_gmt":"2010-08-24T22:06:47","slug":"olhar-sociologico-sobre-a-infancia","status":"publish","type":"post","link":"https:\/\/migracao.redenoticia.com.br\/noticia\/2010\/olhar-sociologico-sobre-a-infancia\/31037","title":{"rendered":"Olhar sociol\u00f3gico sobre a inf\u00e2ncia"},"content":{"rendered":"<p>Desde a d\u00e9cada de 1980, a <strong><em>sociologia da inf\u00e2ncia <\/em><\/strong>vem  se constituindo como um campo de pesquisa no plano internacional. Nos \u00faltimos  anos, um grupo de pesquisadores da Universidade Federal de S\u00e3o Carlos (UFSCar)  tem trabalhado para construir uma genealogia da sociologia da inf\u00e2ncia  brasileira.<\/p>\n<p>Os resultados conseguidos at\u00e9 agora por esse esfor\u00e7o coletivo de pesquisa  est\u00e3o reunidos no livro <em>O plural da inf\u00e2ncia: aportes da sociologia<\/em>,  organizado por Anete Abramowicz e Andrea Braga Moruzzi e lan\u00e7ado recentemente  pela EdUFSCar. Andrea \u00e9 doutoranda orientada por Anete, professora do  Departamento de Metodologia de Ensino da UFSCar.<\/p>\n<p>De acordo com Anete, a inf\u00e2ncia, em especial na faixa de zero a seis anos,  sempre foi tema estudado de forma abundante pela psicologia. Mas, at\u00e9 a d\u00e9cada  de 1980, a sociologia pouco havia produzido sobre o assunto.&#8221;Quando estudava a  crian\u00e7a, fazia isso por meio de suas &#8216;institui\u00e7\u00f5es zeladoras&#8217;, como a fam\u00edlia ou  a escola. A crian\u00e7a, para al\u00e9m de seu m\u00e9tier como aluno, nasce nessa  trajet\u00f3ria&#8221;, disse \u00e0 Ag\u00eancia FAPESP.<\/p>\n<p>A partir de 1980 \u2013 e com mais intensidade na d\u00e9cada de 1990 \u2013, a sociologia  da inf\u00e2ncia come\u00e7ou a se tornar um campo do conhecimento.<\/p>\n<p>\u201cOs soci\u00f3logos haviam abandonado a crian\u00e7a, mas nos \u00faltimos anos esse  panorama foi sendo transformado e o nosso grupo na UFSCar tem trabalhado  intensamente com o tema. O livro discute as m\u00faltiplas possibilidades da  sociologia quando toma a crian\u00e7a pequena como foco\u201d, afirmou Anete.<\/p>\n<p>Do ponto de vista da sociologia da inf\u00e2ncia, as crian\u00e7as s\u00e3o entendidas como  atores sociais e como sujeitos dos seus processos de socializa\u00e7\u00e3o, produtoras da  diferen\u00e7a e da pluralidade.<\/p>\n<p>\u201cO livro procura introduzir os aportes te\u00f3ricos desse campo, valorizando a  afirma\u00e7\u00e3o das crian\u00e7as como categoria social que deve ser entendida no plural,  j\u00e1 que as experi\u00eancias de inf\u00e2ncia s\u00e3o infinitas\u201d, disse.<\/p>\n<p>A obra, que re\u00fane artigos de diversos autores ligados ao grupo da UFSCar,  destaca os temas fundamentais desse campo emergente do conhecimento e indica o  que a sociologia tem a dizer sobre a crian\u00e7a e a inf\u00e2ncia. \u201cEssa \u00e1rea tem como  temas de destaque a cultura da inf\u00e2ncia, o trabalho infantil, a sexualidade  infantil e a constru\u00e7\u00e3o da institucionaliza\u00e7\u00e3o da crian\u00e7a, por exemplo\u201d,  explicou Anete.<\/p>\n<p>A partir de autores p\u00f3s-estruturalistas e p\u00f3s-colonialistas, o grupo tamb\u00e9m  trabalhou o pensamento sobre a crian\u00e7a em rela\u00e7\u00e3o a temas como g\u00eanero, ra\u00e7a e  etnia. \u201cO livro \u00e9 produto de um longo trabalho de pesquisa, em um esfor\u00e7o  coletivo dedicado a organizar essa tem\u00e1tica\u201d, disse a pesquisadora, que concluiu  em 2010 um p\u00f3s-doutorado sobre sociologia da inf\u00e2ncia na Universidade  Paris-Descartes, na Fran\u00e7a.<\/p>\n<p>O objetivo do grupo \u00e9 contribuir para o debate sobre o que significa uma  sociologia da inf\u00e2ncia brasileira. \u201cEstamos construindo essa genealogia,  identificando como se constr\u00f3i\u201d, disse.<\/p>\n<p>Anete coordena o projeto de pesquisa \u201cEduca\u00e7\u00e3o e Sociologia da Inf\u00e2ncia no  Brasil: uma genealogia em constru\u00e7\u00e3o\u201d, apoiado pela FAPESP por meio da  modalidade Aux\u00edlio \u00e0 Pesquisa \u2013 Regular.<\/p>\n<p><strong>Cultura infantil<\/strong><\/p>\n<p>Embora tenha se consolidado como campo de pesquisa apenas na d\u00e9cada de 1980,  na Fran\u00e7a, o termo sociologia da inf\u00e2ncia j\u00e1 havia sido cunhado em 1937, em um  texto do soci\u00f3logo e antrop\u00f3logo franc\u00eas Marcel Mauss (1872-1950).<\/p>\n<p>No Brasil, o marco inaugural da sociologia da inf\u00e2ncia, de acordo com Anete,  \u00e9 o texto <em>As trocinhas do Bom Retiro<\/em>, do soci\u00f3logo Florestan Fernandes  (1920-1995), publicado no livro <em>Folclore e mudan\u00e7a social na cidade de S\u00e3o  Paulo<\/em>, de 1961.<\/p>\n<p>\u201cNaquele texto, Florestan usou pela primeira vez o termo \u2018cultura infantil\u2019.  \u00c9 esse o marco inicial da sociologia da inf\u00e2ncia brasileira. \u00c9 a partir da\u00ed que  vamos tra\u00e7ar o percurso dos autores que trataram do tema, construindo a  genealogia desse campo do conhecimento\u201d, disse Anete.<\/p>\n<p>O t\u00edtulo do livro lan\u00e7ado agora, segundo ela, reflete a preocupa\u00e7\u00e3o em  evidenciar a exist\u00eancia de diversas inf\u00e2ncias distintas sob o ponto de vista  sociol\u00f3gico. \u201cTratamos desde a inf\u00e2ncia no Morro do Alem\u00e3o, no Rio de Janeiro,  at\u00e9 a inf\u00e2ncia ind\u00edgena observada do ponto de vista da sociologia\u201d, apontou.<\/p>\n<p>A publica\u00e7\u00e3o \u00e9 voltada em especial para estudantes de gradua\u00e7\u00e3o e de  p\u00f3s-gradua\u00e7\u00e3o, al\u00e9m de professores que pretendem trabalhar com a sociologia da  inf\u00e2ncia.<\/p>\n<p>\u201c\u00c9 provavelmente a primeira vez que se re\u00fane um conte\u00fado sobre sociologia da  inf\u00e2ncia organizado com um vi\u00e9s did\u00e1tico. Esperamos que essa caracter\u00edstica  possa ajudar a multiplicar os estudos sobre o tema que s\u00e3o feitos em diversos  centros no Brasil\u201d, disse Anete.<\/p>\n<ul>\n<li>T\u00edtulo: <em>O plural da inf\u00e2ncia: aportes da sociologia<\/em><br \/>\nOrganiza\u00e7\u00e3o: Anete Abramowicz e Andrea Braga Moruzzi<br \/>\nLan\u00e7amento: 2010<br \/>\nPre\u00e7o: R$ 21<br \/>\nP\u00e1ginas: 118<br \/>\nMais informa\u00e7\u00f5es: <a href=\"http:\/\/editora.ufscar.br\/catalog\/product_info.php?products_id=1514&amp;osCsid=405b925796e6858ed381ad6c34ede8fc\" target=\"_blank\">http:\/\/editora.ufscar.br<\/a><\/li>\n<\/ul>\n<p>Por F\u00e1bio de Castro<\/p>\n<p>Ag\u00eancia FAPESP<\/p>\n","protected":false},"excerpt":{"rendered":"<p>Desde a d\u00e9cada de 1980, a sociologia da inf\u00e2ncia vem se constituindo como um campo de pesquisa no plano internacional. Nos \u00faltimos anos, um grupo de pesquisadores da Universidade Federal de S\u00e3o Carlos (UFSCar) tem trabalhado para construir uma genealogia da sociologia da inf\u00e2ncia brasileira. Os resultados conseguidos at\u00e9 agora por esse esfor\u00e7o coletivo de [&hellip;]<\/p>\n","protected":false},"author":3,"featured_media":0,"comment_status":"open","ping_status":"open","sticky":false,"template":"","format":"standard","meta":{"tdm_status":"","tdm_grid_status":"","footnotes":""},"categories":[22],"tags":[],"class_list":{"0":"post-31037","1":"post","2":"type-post","3":"status-publish","4":"format-standard","6":"category-brasil"},"_links":{"self":[{"href":"https:\/\/migracao.redenoticia.com.br\/noticia\/wp-json\/wp\/v2\/posts\/31037","targetHints":{"allow":["GET"]}}],"collection":[{"href":"https:\/\/migracao.redenoticia.com.br\/noticia\/wp-json\/wp\/v2\/posts"}],"about":[{"href":"https:\/\/migracao.redenoticia.com.br\/noticia\/wp-json\/wp\/v2\/types\/post"}],"author":[{"embeddable":true,"href":"https:\/\/migracao.redenoticia.com.br\/noticia\/wp-json\/wp\/v2\/users\/3"}],"replies":[{"embeddable":true,"href":"https:\/\/migracao.redenoticia.com.br\/noticia\/wp-json\/wp\/v2\/comments?post=31037"}],"version-history":[{"count":0,"href":"https:\/\/migracao.redenoticia.com.br\/noticia\/wp-json\/wp\/v2\/posts\/31037\/revisions"}],"wp:attachment":[{"href":"https:\/\/migracao.redenoticia.com.br\/noticia\/wp-json\/wp\/v2\/media?parent=31037"}],"wp:term":[{"taxonomy":"category","embeddable":true,"href":"https:\/\/migracao.redenoticia.com.br\/noticia\/wp-json\/wp\/v2\/categories?post=31037"},{"taxonomy":"post_tag","embeddable":true,"href":"https:\/\/migracao.redenoticia.com.br\/noticia\/wp-json\/wp\/v2\/tags?post=31037"}],"curies":[{"name":"wp","href":"https:\/\/api.w.org\/{rel}","templated":true}]}}