{"id":31045,"date":"2010-08-25T11:30:52","date_gmt":"2010-08-25T15:30:52","guid":{"rendered":"http:\/\/www.redenoticia.com.br\/noticia\/?p=31045"},"modified":"2010-08-25T11:30:52","modified_gmt":"2010-08-25T15:30:52","slug":"vento-pode-levar-mais-umidade-para-o-acre-e-rondonia-no-fim-de-semana","status":"publish","type":"post","link":"https:\/\/migracao.redenoticia.com.br\/noticia\/2010\/vento-pode-levar-mais-umidade-para-o-acre-e-rondonia-no-fim-de-semana\/31045","title":{"rendered":"Vento pode levar mais umidade para o Acre e Rond\u00f4nia no fim de semana"},"content":{"rendered":"<p><strong><em><img loading=\"lazy\" decoding=\"async\" class=\"alignleft size-full wp-image-19270\" title=\"climatempo\" src=\"https:\/\/migracao.redenoticia.com.br\/noticia\/imagens\/climatempo2.jpg\" alt=\"\" width=\"300\" height=\"193\" srcset=\"https:\/\/migracao.redenoticia.com.br\/noticia\/imagens\/climatempo2.jpg 300w, https:\/\/migracao.redenoticia.com.br\/noticia\/imagens\/climatempo2-250x160.jpg 250w, https:\/\/migracao.redenoticia.com.br\/noticia\/imagens\/climatempo2-150x96.jpg 150w\" sizes=\"auto, (max-width: 300px) 100vw, 300px\" \/>Climatempo<\/em><\/strong> &#8211; O n\u00famero de dias sem <strong><em>chuva<\/em><\/strong> em algumas localidades do Brasil j\u00e1 est\u00e1 perto de  completar tr\u00eas d\u00edgitos. Em Bras\u00edlia, por exemplo, hoje faz 92 dias de tempo  completamente seco e, em Belo Horizonte, faz 97 dias que n\u00e3o h\u00e1 registro de  chuva significativa.<\/p>\n<p>Os n\u00edveis de umidade do ar tem ca\u00eddo a valores extremos pelo pa\u00eds o que causa  um desconforto absurdo. Na \u00faltima ter\u00e7a-feira (24), segundo os dados dos  aeroportos, em Goi\u00e2nia, a umidade caiu a 11% e em Presidente Prudente, no oeste  do estado de S\u00e3o Paulo, a umidade caiu a 10%. Bras\u00edlia foi a que mais chamou  aten\u00e7\u00e3o. Por volta das 15h a umidade estava em impressionantes 7% na regi\u00e3o do  aeroporto JK.<\/p>\n<p>O calor tamb\u00e9m tem sido marcante. Ontem as capitais Porto Velho e Cuiab\u00e1,  al\u00e9m da secura, enfrentaram o dia mais quente do ano at\u00e9 agora, com temperatura  m\u00e1xima de 37,7 graus e 38,4 graus, respectivamente, registrados nas esta\u00e7\u00f5es  oficiais do Inmet (Instituto Nacional de Meteorologia).<\/p>\n<p>Nesta quarta-feira a situa\u00e7\u00e3o n\u00e3o ser\u00e1 diferente. O calor ainda ser\u00e1 intenso  na maior parte do Brasil. Al\u00e9m disso, muitas localidades como a cidade de S\u00e3o  Paulo, a cidade do Rio de Janeiro e Belo Horizonte devem entrar em alerta \u00e0  tarde, com \u00edndices de umidade entre 15% e 20%. Bras\u00edlia, Goi\u00e2nia e outras  localidades do Centro-Oeste, do sul da regi\u00e3o Norte, do interior de S\u00e3o Paulo e  de Minas Gerais devem entrar em estado de emerg\u00eancia com valores de umidade  abaixo de 12%.<\/p>\n<p>De acordo com os meteorologistas da Climatempo, a curto prazo a previs\u00e3o de  chuva \u00e9 mais animadora para o estado do Acre e o norte de Rond\u00f4nia, que al\u00e9m de  tudo, enfrentam as queimadas. A tend\u00eancia \u00e9 que neste pr\u00f3ximo fim de semana o  vento passe a trazer umidade do extremo norte do pa\u00eds e consiga provocar o  retorno das pancadas de chuva.<\/p>\n<p>No domingo, uma nova frente fria chega ao Sul do Brasil. Este sistema, al\u00e9m  de provocar chuva no Rio Grande do Sul e em Santa Catarina tamb\u00e9m vai aumentar a  umidade no Paran\u00e1 e em Mato Grosso do Sul. A expectativa \u00e9 que entre domingo e  segunda-feira voltem a ocorrer pancadas de chuva especialmente nas \u00e1reas do  centro-sul destes estados.<\/p>\n<p>No decorrer da segunda-feira, a frente fria vai passar enfraquecida pelo  litoral de S\u00e3o Paulo. A umidade do ar vai aumentar e a qualidade do ar melhora  nas \u00e1reas do sul e do leste paulista, mas a princ\u00edpio, n\u00e3o h\u00e1 previs\u00e3o de  volumes significativos de chuva. As outras \u00e1reas do pa\u00eds ainda v\u00e3o enfrentar o  tempo seco pelos pr\u00f3ximos dias.<\/p>\n<p>Sobre o Grupo Climatempo<\/p>\n<p>O Grupo Climatempo \u00e9 a maior empresa privada de meteorologia do pa\u00eds.  Fornece, atualmente, conte\u00fado para mais de 50 retransmissoras nacionais de  televis\u00e3o, para r\u00e1dios de todo o Brasil e para os principais portais. Com cerca  de 1.100 clientes, a empresa atua principalmente em dois segmentos: o de  agroneg\u00f3cios e o de meios de comunica\u00e7\u00e3o. Oferece tamb\u00e9m conte\u00fado meteorol\u00f3gico  estrat\u00e9gico para empresas de moda e varejo, energia el\u00e9trica, constru\u00e7\u00e3o civil,  transporte e log\u00edstica, al\u00e9m de bancos, seguradoras e ind\u00fastrias farmac\u00eautica e  de alimentos. O Grupo \u00e9 presidido pelo meteorologista Carlos Magno que, com mais  de 23 anos de carreira, foi um dos primeiros comunicadores da profiss\u00e3o no  pa\u00eds.<\/p>\n","protected":false},"excerpt":{"rendered":"<p>Climatempo &#8211; O n\u00famero de dias sem chuva em algumas localidades do Brasil j\u00e1 est\u00e1 perto de completar tr\u00eas d\u00edgitos. Em Bras\u00edlia, por exemplo, hoje faz 92 dias de tempo completamente seco e, em Belo Horizonte, faz 97 dias que n\u00e3o h\u00e1 registro de chuva significativa. Os n\u00edveis de umidade do ar tem ca\u00eddo a [&hellip;]<\/p>\n","protected":false},"author":3,"featured_media":19270,"comment_status":"open","ping_status":"open","sticky":false,"template":"","format":"standard","meta":{"tdm_status":"","tdm_grid_status":"","footnotes":""},"categories":[22,327,388],"tags":[],"class_list":{"0":"post-31045","1":"post","2":"type-post","3":"status-publish","4":"format-standard","5":"has-post-thumbnail","7":"category-brasil","8":"category-clima","9":"category-destaques"},"_links":{"self":[{"href":"https:\/\/migracao.redenoticia.com.br\/noticia\/wp-json\/wp\/v2\/posts\/31045","targetHints":{"allow":["GET"]}}],"collection":[{"href":"https:\/\/migracao.redenoticia.com.br\/noticia\/wp-json\/wp\/v2\/posts"}],"about":[{"href":"https:\/\/migracao.redenoticia.com.br\/noticia\/wp-json\/wp\/v2\/types\/post"}],"author":[{"embeddable":true,"href":"https:\/\/migracao.redenoticia.com.br\/noticia\/wp-json\/wp\/v2\/users\/3"}],"replies":[{"embeddable":true,"href":"https:\/\/migracao.redenoticia.com.br\/noticia\/wp-json\/wp\/v2\/comments?post=31045"}],"version-history":[{"count":0,"href":"https:\/\/migracao.redenoticia.com.br\/noticia\/wp-json\/wp\/v2\/posts\/31045\/revisions"}],"wp:featuredmedia":[{"embeddable":true,"href":"https:\/\/migracao.redenoticia.com.br\/noticia\/wp-json\/wp\/v2\/media\/19270"}],"wp:attachment":[{"href":"https:\/\/migracao.redenoticia.com.br\/noticia\/wp-json\/wp\/v2\/media?parent=31045"}],"wp:term":[{"taxonomy":"category","embeddable":true,"href":"https:\/\/migracao.redenoticia.com.br\/noticia\/wp-json\/wp\/v2\/categories?post=31045"},{"taxonomy":"post_tag","embeddable":true,"href":"https:\/\/migracao.redenoticia.com.br\/noticia\/wp-json\/wp\/v2\/tags?post=31045"}],"curies":[{"name":"wp","href":"https:\/\/api.w.org\/{rel}","templated":true}]}}