{"id":31046,"date":"2010-08-25T11:36:45","date_gmt":"2010-08-25T15:36:45","guid":{"rendered":"http:\/\/www.redenoticia.com.br\/noticia\/?p=31046"},"modified":"2010-08-25T11:36:45","modified_gmt":"2010-08-25T15:36:45","slug":"brasil-pode-ser-o-primeiro-pais-a-realizar-uma-copa-verde","status":"publish","type":"post","link":"https:\/\/migracao.redenoticia.com.br\/noticia\/2010\/brasil-pode-ser-o-primeiro-pais-a-realizar-uma-copa-verde\/31046","title":{"rendered":"Brasil pode ser o primeiro pa\u00eds a realizar uma copa verde"},"content":{"rendered":"<p>Nas reformas e constru\u00e7\u00f5es dos est\u00e1dios brasileiros para a Copa do Mundo de  Futebol de 2014, surge uma grande oportunidade para o Pa\u00eds: ser o primeiro no  mundo a realizar uma COPA VERDE, implantando t\u00e9cnicas  sustent\u00e1veis em suas constru\u00e7\u00f5es. O assunto ser\u00e1 tema na 1\u00aa  GREENBUILDING BRASIL &#8211; CONFER\u00caNCIA INTERNACIONAL &amp; EXPO, evento  sobre constru\u00e7\u00e3o sustent\u00e1vel, realizado pela Reed Exhibitions Alcantara Machado  e GBC Brasil, que acontece na pr\u00f3xima semana, entre os dias 1 e 3 de setembro,  na cidade de S\u00e3o Paulo, no pr\u00e9dio da Fecom\u00e9rcio.\u00a0Na apresenta\u00e7\u00e3o do case &#8220;<strong><em>Copa 2014<\/em><\/strong> &#8211; A oportunidade <strong><em>Green Building<\/em><\/strong>&#8221; os participantes ir\u00e3o entender como o uso de padr\u00f5es sustent\u00e1veis pode  ajudar quem busca financiamentos junto ao BNDES (Banco Nacional de  Desenvolvimento Econ\u00f4mico e Social), al\u00e9m de reduzir os impactos ambientais e  garantir retorno financeiro a curto prazo, com menores custos de \u00e1gua e energia  na edifica\u00e7\u00e3o e gest\u00e3o dos empreendimentos.<br \/>\n&#8220;O BNDES, no sentido de  promover uma copa sustent\u00e1vel do ponto de vista econ\u00f4mico e ambiental, criou  dois programas: um para financiamento da constru\u00e7\u00e3o e reforma dos est\u00e1dios e  outro para incentivar o setor hoteleiro para ampliar a qualidade e capacidade de  hospedagem, ambos exigem que as edifica\u00e7\u00f5es sejam mais sustent\u00e1veis e considerem  elevados padr\u00f5es de desempenho ambiental, inclusive exigindo certifica\u00e7\u00f5es, como  o LEED, Procel e NBR 15.40&#8221;, explica Anderson Benite, Diretor de Consultoria de  Sustentabilidade do Centro de Tecnologia de Edifica\u00e7\u00f5es (CTE) e respons\u00e1vel pela  palestra que acontece no segundo dia do evento, \u00e0s 9h45.<\/p>\n<p>Alcan\u00e7ar o t\u00edtulo de COPA VERDE est\u00e1 exclusivamente nas m\u00e3os do Brasil.  Apesar das \u00faltimas Copas e Olimp\u00edadas terem revelado est\u00e1dios e centros de  treinamento com tecnologias ambientais diferenciadas, principalmente os EUA, que  j\u00e1 possui diversos est\u00e1dios com certifica\u00e7\u00e3o LEED (o principal selo da  constru\u00e7\u00e3o sustent\u00e1vel), a realiza\u00e7\u00e3o de uma COPA VERDE com todos os est\u00e1dios e  demais edifica\u00e7\u00f5es verdes ainda n\u00e3o aconteceu.<\/p>\n<p>&#8220;A 1\u00aa GREENBUILDING BRASIL &#8211; CONFER\u00caNCIA INTERNACIONAL &amp; EXPO est\u00e1 sendo  realizada para impulsionar a constru\u00e7\u00e3o sustent\u00e1vel no Pa\u00eds. O crescimento \u00e9  latente, e a COPA 2014 \u00e9 uma oportunidade em vigor. Quem quer construir e  investir para esse marco no Brasil vai encontrar na confer\u00eancia o espa\u00e7o ideal  para entender como melhor aplicar e conseguir destaque no concorrido mercado da  constru\u00e7\u00e3o civil&#8221;, explica M\u00e1rcia Coimbra, Gerente da Unidade de Neg\u00f3cios de  Congressos da Reed Exhibitions Alcantara Machado<br \/>\nServi\u00e7o<br \/>\n1\u00aa Greenbuilding Brasil &#8211; Confer\u00eancia  Internacional &amp; Expo<br \/>\nQuando: 1 a 3 de  setembro<br \/>\nLocal: Fecomercio<br \/>\nEndere\u00e7o: Rua  Dr. Pl\u00ednio Barreto, 285 &#8211; Bela Vista &#8211; S\u00e3o Paulo (SP)<br \/>\nHor\u00e1rio: Das 9 \u00e0s 18 horas &#8211; dias 1 e 2 de setembro<br \/>\nDas 8 \u00e0s  16 horas &#8211; dia 3 de setembro<\/p>\n<p>Mais informa\u00e7\u00f5es: www.expogbcbrasil.org.br<\/p>\n","protected":false},"excerpt":{"rendered":"<p>Nas reformas e constru\u00e7\u00f5es dos est\u00e1dios brasileiros para a Copa do Mundo de Futebol de 2014, surge uma grande oportunidade para o Pa\u00eds: ser o primeiro no mundo a realizar uma COPA VERDE, implantando t\u00e9cnicas sustent\u00e1veis em suas constru\u00e7\u00f5es. O assunto ser\u00e1 tema na 1\u00aa GREENBUILDING BRASIL &#8211; CONFER\u00caNCIA INTERNACIONAL &amp; EXPO, evento sobre constru\u00e7\u00e3o [&hellip;]<\/p>\n","protected":false},"author":3,"featured_media":0,"comment_status":"open","ping_status":"open","sticky":false,"template":"","format":"standard","meta":{"tdm_status":"","tdm_grid_status":"","footnotes":""},"categories":[22,7],"tags":[],"class_list":{"0":"post-31046","1":"post","2":"type-post","3":"status-publish","4":"format-standard","6":"category-brasil","7":"category-economia"},"_links":{"self":[{"href":"https:\/\/migracao.redenoticia.com.br\/noticia\/wp-json\/wp\/v2\/posts\/31046","targetHints":{"allow":["GET"]}}],"collection":[{"href":"https:\/\/migracao.redenoticia.com.br\/noticia\/wp-json\/wp\/v2\/posts"}],"about":[{"href":"https:\/\/migracao.redenoticia.com.br\/noticia\/wp-json\/wp\/v2\/types\/post"}],"author":[{"embeddable":true,"href":"https:\/\/migracao.redenoticia.com.br\/noticia\/wp-json\/wp\/v2\/users\/3"}],"replies":[{"embeddable":true,"href":"https:\/\/migracao.redenoticia.com.br\/noticia\/wp-json\/wp\/v2\/comments?post=31046"}],"version-history":[{"count":0,"href":"https:\/\/migracao.redenoticia.com.br\/noticia\/wp-json\/wp\/v2\/posts\/31046\/revisions"}],"wp:attachment":[{"href":"https:\/\/migracao.redenoticia.com.br\/noticia\/wp-json\/wp\/v2\/media?parent=31046"}],"wp:term":[{"taxonomy":"category","embeddable":true,"href":"https:\/\/migracao.redenoticia.com.br\/noticia\/wp-json\/wp\/v2\/categories?post=31046"},{"taxonomy":"post_tag","embeddable":true,"href":"https:\/\/migracao.redenoticia.com.br\/noticia\/wp-json\/wp\/v2\/tags?post=31046"}],"curies":[{"name":"wp","href":"https:\/\/api.w.org\/{rel}","templated":true}]}}