{"id":31048,"date":"2010-08-25T11:42:43","date_gmt":"2010-08-25T15:42:43","guid":{"rendered":"http:\/\/www.redenoticia.com.br\/noticia\/?p=31048"},"modified":"2010-08-25T11:42:43","modified_gmt":"2010-08-25T15:42:43","slug":"cidades-gauchas-garantem-fluxo-turistico-o-ano-todo","status":"publish","type":"post","link":"https:\/\/migracao.redenoticia.com.br\/noticia\/2010\/cidades-gauchas-garantem-fluxo-turistico-o-ano-todo\/31048","title":{"rendered":"Cidades ga\u00fachas garantem fluxo tur\u00edstico o ano todo"},"content":{"rendered":"<p>Famosas nacionalmente como roteiros tur\u00edsticos de inverno, as cidades ga\u00fachas  de <strong><em>Gramado<\/em><\/strong> e <strong><em>Canela<\/em><\/strong> desencadearam uma s\u00e9rie de a\u00e7\u00f5es que est\u00e3o garantindo fluxo  tur\u00edstico o ano todo e servem de exemplo para outros destinos brasileiros que  sofrem com a sazonalidade. Sob essa perspectiva, empres\u00e1rios de v\u00e1rios Estados  brasileiros iniciam dia 26 (quinta-feira), um roteiro de visitas t\u00e9cnicas e  atividades de viv\u00eancia nas duas cidades. O objetivo \u00e9 identificar e reproduzir  a\u00e7\u00f5es que possam suavizar os impactos da sazonalidade do turismo em seus  destinos. Eles participam da quarta etapa do programa Benchmarking em Turismo  2010 \u2013 Viv\u00eancias Brasil, executado pela Associa\u00e7\u00e3o Brasileira de Ag\u00eancias de  Viagens (Abav) em parceria com o Sebrae, o Minist\u00e9rio do Turismo e a  Embratur.<\/p>\n<p>At\u00e9 a pr\u00f3xima sexta-feira (27\/08), os empres\u00e1rios ter\u00e3o reuni\u00f5es com  representantes de entidades respons\u00e1veis pelo turismo nas duas cidades e far\u00e3o  visitas t\u00e9cnicas a hot\u00e9is e pontos tur\u00edsticos, entre eles a Pousada Don Ramon e  o Le Jardin Parque de Lavanda, em Gramado, que, inspirado em parques da Europa e  dos Estados Unidos, utiliza a lavanda como atrativo. O Le Jardin alia produ\u00e7\u00e3o e  comercializa\u00e7\u00e3o da lavanda com a possibilidade de realizar eventos ambientados e  aromatizados naturalmente, na maioria dos casos, casamentos.<\/p>\n<p>Em Canela, um dos pontos tur\u00edsticos visitados ser\u00e1 o Parque Estadual do  Caracol, uma Unidade de Conserva\u00e7\u00e3o Ambiental e um dos destaques de Canela. O  \u00edcone maior do Parque \u00e9 a Cachoeira do Caracol, formada a partir de um arroio  que se precipita em queda livre numa altura de 131 metros.<\/p>\n","protected":false},"excerpt":{"rendered":"<p>Famosas nacionalmente como roteiros tur\u00edsticos de inverno, as cidades ga\u00fachas de Gramado e Canela desencadearam uma s\u00e9rie de a\u00e7\u00f5es que est\u00e3o garantindo fluxo tur\u00edstico o ano todo e servem de exemplo para outros destinos brasileiros que sofrem com a sazonalidade. Sob essa perspectiva, empres\u00e1rios de v\u00e1rios Estados brasileiros iniciam dia 26 (quinta-feira), um roteiro de [&hellip;]<\/p>\n","protected":false},"author":3,"featured_media":0,"comment_status":"open","ping_status":"open","sticky":false,"template":"","format":"standard","meta":{"tdm_status":"","tdm_grid_status":"","footnotes":""},"categories":[22,7],"tags":[],"class_list":{"0":"post-31048","1":"post","2":"type-post","3":"status-publish","4":"format-standard","6":"category-brasil","7":"category-economia"},"_links":{"self":[{"href":"https:\/\/migracao.redenoticia.com.br\/noticia\/wp-json\/wp\/v2\/posts\/31048","targetHints":{"allow":["GET"]}}],"collection":[{"href":"https:\/\/migracao.redenoticia.com.br\/noticia\/wp-json\/wp\/v2\/posts"}],"about":[{"href":"https:\/\/migracao.redenoticia.com.br\/noticia\/wp-json\/wp\/v2\/types\/post"}],"author":[{"embeddable":true,"href":"https:\/\/migracao.redenoticia.com.br\/noticia\/wp-json\/wp\/v2\/users\/3"}],"replies":[{"embeddable":true,"href":"https:\/\/migracao.redenoticia.com.br\/noticia\/wp-json\/wp\/v2\/comments?post=31048"}],"version-history":[{"count":0,"href":"https:\/\/migracao.redenoticia.com.br\/noticia\/wp-json\/wp\/v2\/posts\/31048\/revisions"}],"wp:attachment":[{"href":"https:\/\/migracao.redenoticia.com.br\/noticia\/wp-json\/wp\/v2\/media?parent=31048"}],"wp:term":[{"taxonomy":"category","embeddable":true,"href":"https:\/\/migracao.redenoticia.com.br\/noticia\/wp-json\/wp\/v2\/categories?post=31048"},{"taxonomy":"post_tag","embeddable":true,"href":"https:\/\/migracao.redenoticia.com.br\/noticia\/wp-json\/wp\/v2\/tags?post=31048"}],"curies":[{"name":"wp","href":"https:\/\/api.w.org\/{rel}","templated":true}]}}