{"id":31052,"date":"2010-08-25T14:48:25","date_gmt":"2010-08-25T18:48:25","guid":{"rendered":"http:\/\/www.redenoticia.com.br\/noticia\/?p=31052"},"modified":"2010-08-25T14:48:25","modified_gmt":"2010-08-25T18:48:25","slug":"ipea-lanca-nova-edicao-do-boletim-radar","status":"publish","type":"post","link":"https:\/\/migracao.redenoticia.com.br\/noticia\/2010\/ipea-lanca-nova-edicao-do-boletim-radar\/31052","title":{"rendered":"Ipea lan\u00e7a nova edi\u00e7\u00e3o do Boletim Radar"},"content":{"rendered":"<p>O Ipea lan\u00e7a na pr\u00f3xima quinta-feira, 26, \u00e0s 9 horas, mais uma edi\u00e7\u00e3o do  <strong><em>Boletim Radar<\/em><\/strong>: Tecnologia, Inova\u00e7\u00e3o e Com\u00e9rcio Exterior. O boletim ser\u00e1 lan\u00e7ado  no audit\u00f3rio do Instituto em Bras\u00edlia (SBS, Quadra 1, Bloco J, Ed.BNDES), com  transmiss\u00e3o pela internet para todo o Brasil. Tr\u00eas artigos fazem parte da nona  edi\u00e7\u00e3o do boletim.<\/p>\n<p>O primeiro artigo, de Bruno C\u00e9sar Ara\u00fajo, trata dos incentivos fiscais \u00e0  pesquisa e desenvolvimento e dos custos de inova\u00e7\u00e3o no Brasil. O texto apresenta  um hist\u00f3rico dos incentivos fiscais \u00e0 inova\u00e7\u00e3o no pa\u00eds, com os principais  programas e leis que tratam do assunto, e acompanha a evolu\u00e7\u00e3o do B-index,  medida de custo marginal de pesquisa e desenvolvimento para a firma ap\u00f3s os  impostos, al\u00e9m de comparar as taxas de subven\u00e7\u00e3o de v\u00e1rios pa\u00edses.<\/p>\n<p>O segundo artigo \u00e9 de autoria de Adriana Pacheco \u00c1urea, Lu\u00eds Carlos G. de  Magalh\u00e3es, Leila Posenato Garcia, Carolina Fernandes dos Santos, Raquel  Filgueiras de Almeida, Matheus Stivali e L\u00facia Rolim Santana. O texto analisa a  evolu\u00e7\u00e3o das compras de medicamentos realizadas pelo Minist\u00e9rio da Sa\u00fade para os  programas de assist\u00eancia farmac\u00eautica no per\u00edodo de 2005 a 2008 e avalia a  efici\u00eancia dessas compras.<\/p>\n<p>O tema do terceiro artigo do boletim, escrito por Samuel C\u00e9sar J\u00fanior, \u00e9 a  nanotecnologia, setor cujo mercado total de produtos tem potencial para atingir  US$ 3,1 trilh\u00f5es em 2015. O artigo mostra, de forma agregada, os investimentos  federais em projetos de nanotecnologia por meio dos fundos seto\u00adriais entre os  anos de 2000 e 2007. Os dados utilizados na an\u00e1lise s\u00e3o do Minist\u00e9rio da Ci\u00eancia  e Tecnologia (MCT).<\/p>\n<p>Ipea &#8211; Instituto de Pesquisa Econ\u00f4mica Aplicada<\/p>\n<p><a href=\"http:\/\/www.ipea.gov.br\" target=\"_blank\">www.ipea.gov.br<\/a><\/p>\n<p>Funda\u00e7\u00e3o p\u00fablica vinculada \u00e0 Secretaria de Assuntos Estrat\u00e9gicos, o Instituto  de Pesquisa Econ\u00f4mica Aplicada fornece suporte t\u00e9cnico e institucional \u00e0s a\u00e7\u00f5es  governamentais &#8211; possibilitando a formula\u00e7\u00e3o de in\u00fameras pol\u00edticas p\u00fablicas e  programas de desenvolvimento brasileiro &#8211; e disponibiliza, para a sociedade,  pesquisas e estudos realizados por seus t\u00e9cnicos.<\/p>\n","protected":false},"excerpt":{"rendered":"<p>O Ipea lan\u00e7a na pr\u00f3xima quinta-feira, 26, \u00e0s 9 horas, mais uma edi\u00e7\u00e3o do Boletim Radar: Tecnologia, Inova\u00e7\u00e3o e Com\u00e9rcio Exterior. O boletim ser\u00e1 lan\u00e7ado no audit\u00f3rio do Instituto em Bras\u00edlia (SBS, Quadra 1, Bloco J, Ed.BNDES), com transmiss\u00e3o pela internet para todo o Brasil. Tr\u00eas artigos fazem parte da nona edi\u00e7\u00e3o do boletim. O [&hellip;]<\/p>\n","protected":false},"author":3,"featured_media":0,"comment_status":"open","ping_status":"open","sticky":false,"template":"","format":"standard","meta":{"tdm_status":"","tdm_grid_status":"","footnotes":""},"categories":[22,7],"tags":[],"class_list":{"0":"post-31052","1":"post","2":"type-post","3":"status-publish","4":"format-standard","6":"category-brasil","7":"category-economia"},"_links":{"self":[{"href":"https:\/\/migracao.redenoticia.com.br\/noticia\/wp-json\/wp\/v2\/posts\/31052","targetHints":{"allow":["GET"]}}],"collection":[{"href":"https:\/\/migracao.redenoticia.com.br\/noticia\/wp-json\/wp\/v2\/posts"}],"about":[{"href":"https:\/\/migracao.redenoticia.com.br\/noticia\/wp-json\/wp\/v2\/types\/post"}],"author":[{"embeddable":true,"href":"https:\/\/migracao.redenoticia.com.br\/noticia\/wp-json\/wp\/v2\/users\/3"}],"replies":[{"embeddable":true,"href":"https:\/\/migracao.redenoticia.com.br\/noticia\/wp-json\/wp\/v2\/comments?post=31052"}],"version-history":[{"count":0,"href":"https:\/\/migracao.redenoticia.com.br\/noticia\/wp-json\/wp\/v2\/posts\/31052\/revisions"}],"wp:attachment":[{"href":"https:\/\/migracao.redenoticia.com.br\/noticia\/wp-json\/wp\/v2\/media?parent=31052"}],"wp:term":[{"taxonomy":"category","embeddable":true,"href":"https:\/\/migracao.redenoticia.com.br\/noticia\/wp-json\/wp\/v2\/categories?post=31052"},{"taxonomy":"post_tag","embeddable":true,"href":"https:\/\/migracao.redenoticia.com.br\/noticia\/wp-json\/wp\/v2\/tags?post=31052"}],"curies":[{"name":"wp","href":"https:\/\/api.w.org\/{rel}","templated":true}]}}