{"id":31295,"date":"2010-09-06T17:08:49","date_gmt":"2010-09-06T21:08:49","guid":{"rendered":"http:\/\/www.redenoticia.com.br\/noticia\/?p=31295"},"modified":"2010-09-06T17:08:49","modified_gmt":"2010-09-06T21:08:49","slug":"inscricoes-em-cursos-gratuitos-do-prominp","status":"publish","type":"post","link":"https:\/\/migracao.redenoticia.com.br\/noticia\/2010\/inscricoes-em-cursos-gratuitos-do-prominp\/31295","title":{"rendered":"Inscri\u00e7\u00f5es em cursos gratuitos do Prominp"},"content":{"rendered":"<p><img loading=\"lazy\" decoding=\"async\" class=\"alignleft size-full wp-image-30922\" title=\"cesgranrio concurso prominp\" src=\"https:\/\/migracao.redenoticia.com.br\/noticia\/imagens\/cesgranrio-concurso-prominp.jpg\" alt=\"\" width=\"300\" height=\"193\" srcset=\"https:\/\/migracao.redenoticia.com.br\/noticia\/imagens\/cesgranrio-concurso-prominp.jpg 300w, https:\/\/migracao.redenoticia.com.br\/noticia\/imagens\/cesgranrio-concurso-prominp-250x160.jpg 250w, https:\/\/migracao.redenoticia.com.br\/noticia\/imagens\/cesgranrio-concurso-prominp-150x96.jpg 150w\" sizes=\"auto, (max-width: 300px) 100vw, 300px\" \/>Termina no pr\u00f3ximo domingo, dia 12, o prazo para inscri\u00e7\u00f5es no processo de  sele\u00e7\u00e3o p\u00fablica que o <strong><em>Prominp <\/em><\/strong>(Programa de Mobiliza\u00e7\u00e3o da Ind\u00fastria Nacional de  Petr\u00f3leo e G\u00e1s Natural) realiza com o objetivo de qualificar m\u00e3o-de-obra para  atender \u00e0s demandas futuras da ind\u00fastria nacional de petr\u00f3leo e g\u00e1s. S\u00e3o 27.915  vagas, em 13 estados, para cursos gratuitos em categorias profissionais de  n\u00edveis b\u00e1sico, m\u00e9dio, t\u00e9cnico e superior.<\/p>\n<p>Os candidatos interessados nos cursos do Prominp podem consultar a m\u00e9dia de  inscri\u00e7\u00f5es em cada categoria profissional oferecida nos estados, ao longo de  processos seletivos anteriores no site do Programa  (<a href=\"http:\/\/www.prominp.com.br\" target=\"_blank\"><strong><em>www.prominp.com.br<\/em><\/strong><\/a>).<\/p>\n<p>As vagas est\u00e3o assim distribu\u00eddas: 20.601 para  cursos gratuitos de n\u00edvel b\u00e1sico; 5.188 para os de n\u00edvel m\u00e9dio; 1.286 para o  n\u00edvel t\u00e9cnico e 840 para as categorias de n\u00edvel superior. Nos n\u00edveis m\u00e9dio e  superior, h\u00e1 oferta de vagas para portadores de necessidades especiais em  algumas categorias espec\u00edficas. Os estados contemplados no quadro de vagas s\u00e3o:  Amazonas, Bahia, Cear\u00e1, Esp\u00edrito Santo, Maranh\u00e3o, Minas Gerais, Pernambuco,  Paran\u00e1, Rio de Janeiro, Rio Grande do Norte, Rio Grande do Sul, Sergipe e S\u00e3o  Paulo.<\/p>\n<p>Para participar do processo, que \u00e9 executado pela Funda\u00e7\u00e3o  Cesgranrio, \u00e9 preciso fazer a inscri\u00e7\u00e3o no site do Prominp, ou nos postos de  inscri\u00e7\u00e3o credenciados, listados no edital. Para os cursos de n\u00edvel b\u00e1sico, a  inscri\u00e7\u00e3o custa R$ 24,00; nos n\u00edveis m\u00e9dio e t\u00e9cnico, R$ 40,00; e para as  categorias de n\u00edvel superior, o valor ser\u00e1 de R$ 60,00.<\/p>\n<p>Para concorrer a  uma das vagas oferecidas, o candidato deve ter idade igual ou superior a 18  anos, al\u00e9m de preencher os pr\u00e9-requisitos do curso desejado. Os candidatos  aprovados que estiverem desempregados durante o curso receber\u00e3o uma bolsa  aux\u00edlio mensal no valor de R$ 300 (cursos de n\u00edvel b\u00e1sico), R$ 600 (n\u00edveis m\u00e9dio  e t\u00e9cnico) e R$ 900 (n\u00edvel superior).<\/p>\n<p>A participa\u00e7\u00e3o nos cursos n\u00e3o  garante emprego aos alunos. O objetivo \u00e9 melhorar a qualifica\u00e7\u00e3o dos  profissionais que ser\u00e3o, eventualmente, aproveitados pelas empresas privadas  fornecedoras de bens e servi\u00e7os do setor de petr\u00f3leo e g\u00e1s natural.<\/p>\n<p>Todas  as informa\u00e7\u00f5es sobre os cursos oferecidos nesta etapa de sele\u00e7\u00e3o podem ser  obtidas no edital, que est\u00e1 dispon\u00edvel para consulta e download nos sites do  Prominp (www.prominp.com.br) e da  Cesgranrio(http:\/\/www.cesgranrio.org.br\/inicial.html). D\u00favidas sobre o edital de  sele\u00e7\u00e3o podem ser tiradas pelo telefone 0800 701 2028 ou pela se\u00e7\u00e3o Fale  Conosco, no site do Prominp.<\/p>\n","protected":false},"excerpt":{"rendered":"<p>Termina no pr\u00f3ximo domingo, dia 12, o prazo para inscri\u00e7\u00f5es no processo de sele\u00e7\u00e3o p\u00fablica que o Prominp (Programa de Mobiliza\u00e7\u00e3o da Ind\u00fastria Nacional de Petr\u00f3leo e G\u00e1s Natural) realiza com o objetivo de qualificar m\u00e3o-de-obra para atender \u00e0s demandas futuras da ind\u00fastria nacional de petr\u00f3leo e g\u00e1s. S\u00e3o 27.915 vagas, em 13 estados, para [&hellip;]<\/p>\n","protected":false},"author":3,"featured_media":30922,"comment_status":"open","ping_status":"open","sticky":false,"template":"","format":"standard","meta":{"tdm_status":"","tdm_grid_status":"","footnotes":""},"categories":[22,352,370],"tags":[],"class_list":{"0":"post-31295","1":"post","2":"type-post","3":"status-publish","4":"format-standard","5":"has-post-thumbnail","7":"category-brasil","8":"category-concursos","9":"category-inscricao"},"_links":{"self":[{"href":"https:\/\/migracao.redenoticia.com.br\/noticia\/wp-json\/wp\/v2\/posts\/31295","targetHints":{"allow":["GET"]}}],"collection":[{"href":"https:\/\/migracao.redenoticia.com.br\/noticia\/wp-json\/wp\/v2\/posts"}],"about":[{"href":"https:\/\/migracao.redenoticia.com.br\/noticia\/wp-json\/wp\/v2\/types\/post"}],"author":[{"embeddable":true,"href":"https:\/\/migracao.redenoticia.com.br\/noticia\/wp-json\/wp\/v2\/users\/3"}],"replies":[{"embeddable":true,"href":"https:\/\/migracao.redenoticia.com.br\/noticia\/wp-json\/wp\/v2\/comments?post=31295"}],"version-history":[{"count":0,"href":"https:\/\/migracao.redenoticia.com.br\/noticia\/wp-json\/wp\/v2\/posts\/31295\/revisions"}],"wp:featuredmedia":[{"embeddable":true,"href":"https:\/\/migracao.redenoticia.com.br\/noticia\/wp-json\/wp\/v2\/media\/30922"}],"wp:attachment":[{"href":"https:\/\/migracao.redenoticia.com.br\/noticia\/wp-json\/wp\/v2\/media?parent=31295"}],"wp:term":[{"taxonomy":"category","embeddable":true,"href":"https:\/\/migracao.redenoticia.com.br\/noticia\/wp-json\/wp\/v2\/categories?post=31295"},{"taxonomy":"post_tag","embeddable":true,"href":"https:\/\/migracao.redenoticia.com.br\/noticia\/wp-json\/wp\/v2\/tags?post=31295"}],"curies":[{"name":"wp","href":"https:\/\/api.w.org\/{rel}","templated":true}]}}