{"id":31299,"date":"2010-09-06T17:40:17","date_gmt":"2010-09-06T21:40:17","guid":{"rendered":"http:\/\/www.redenoticia.com.br\/noticia\/?p=31299"},"modified":"2010-09-06T17:40:17","modified_gmt":"2010-09-06T21:40:17","slug":"neymar-e-alvo-de-21-das-faltas-sofridas-pelo-santos-fc-em-2010","status":"publish","type":"post","link":"https:\/\/migracao.redenoticia.com.br\/noticia\/2010\/neymar-e-alvo-de-21-das-faltas-sofridas-pelo-santos-fc-em-2010\/31299","title":{"rendered":"Neymar \u00e9 alvo de 21% das faltas sofridas pelo Santos FC em 2010"},"content":{"rendered":"<p>Com 32 gols na temporada 2010, o atacante <strong><em>Neymar<\/em><\/strong>, do <strong><em>Santos<\/em><\/strong> Futebol Clube,  tornou-se o principal alvo das defesas advers\u00e1rias.Considerando os jogos em que  o atacante atuou neste ano, a J\u00f3ia da Vila foi alvo das 165 das 794 faltas  sofridas pelo time, o que representa 21%.<\/p>\n<p>No levantamento feito pelo Clube, o Peixe ultrapassou a marca de 1.000 faltas  tomadas em 2010 no jogo diante do Ava\u00ed, na quinta-feira. Ao todo, s\u00e3o 1.007  cometidas pelos advers\u00e1rios em atletas do Santos FC.<\/p>\n<p>Durante a campanha do t\u00edtulo Paulista, Neymar, que foi eleito o melhor  jogador do torneio, sofreu ainda mais com a marca\u00e7\u00e3o dos oponentes. Nos jogos em  que atuou pelo Estadual, ele foi alvo de 81 das 330 das faltas recebidas pelo  Peixe, o equivalente a 25%. No Brasileir\u00e3o, a hist\u00f3ria n\u00e3o tem sido diferente.  At\u00e9 a 17\u00aa rodada, enquanto esteve em campo, o atacante recebeu 53 das 258  infra\u00e7\u00f5es cometidas pelos advers\u00e1rios, o que representa 21%.<\/p>\n<p>Para diminuir o impacto das faltas que recebe, Neymar executa uma programa\u00e7\u00e3o  de treinamento especial. O atacante realiza um trabalho individualizado para  aumentar a massa muscular, o que ajuda manter o equil\u00edbrio nos momentos de  choque com os advers\u00e1rios. Ap\u00f3s os jogos, as dores causadas pelas pancadas s\u00e3o  diminu\u00eddas com sess\u00f5es de fisioterapia.<\/p>\n<p>\u201cDesde que chegou ao time profissional, o Neymar cumpre uma programa\u00e7\u00e3o  individualizada para aumentar o volume muscular. Isto \u00e9 fundamental para  suportar o impacto do contato com os advers\u00e1rios. Al\u00e9m disso, depois dos jogos,  fazemos sess\u00f5es de gelo e massagem para diminuir as dores causadas pelas  pancadas. Isso j\u00e1 virou uma rotina, no caso dele\u201d, disse Avelino Buongermino,  fisioterapeutas do Peixe.<\/p>\n<p>O gerente de futebol do Santos FC, Paulo Jamelli, que foi \u00eddolo do ataque  santista nos anos 90, lembra que tamb\u00e9m era alvo constante das faltas  advers\u00e1rias. Ele considera que, para qualquer atacante, \u00e9 um desafio manter o  equil\u00edbrio emocional durante uma partida com marca\u00e7\u00e3o mais dura.<\/p>\n<p>\u201cN\u00e3o \u00e9 f\u00e1cil manter a estabilidade emocional, quando os advers\u00e1rios  interrompem v\u00e1rias vezes suas jogadas com lances violentos. Neste aspecto,  acredito que o Neymar tem se sa\u00eddo bem, tratando-se do jogador que mais recebe  faltas em nosso time\u201d, disse Jamelli.<\/p>\n<p>Acompanhe o Santos FC nas m\u00eddias sociais:<br \/>\nYoutube:  www.youtube.com\/santostvoficial<br \/>\nFlickr: www.flickr.com\/santosfc |  www.flickr.com\/sereiasdavila<br \/>\nTwitter: @santosfc | @santosfcaovivo |  @sereiasdavila | @multiplicacao<\/p>\n","protected":false},"excerpt":{"rendered":"<p>Com 32 gols na temporada 2010, o atacante Neymar, do Santos Futebol Clube, tornou-se o principal alvo das defesas advers\u00e1rias.Considerando os jogos em que o atacante atuou neste ano, a J\u00f3ia da Vila foi alvo das 165 das 794 faltas sofridas pelo time, o que representa 21%. No levantamento feito pelo Clube, o Peixe ultrapassou [&hellip;]<\/p>\n","protected":false},"author":3,"featured_media":0,"comment_status":"open","ping_status":"open","sticky":false,"template":"","format":"standard","meta":{"tdm_status":"","tdm_grid_status":"","footnotes":""},"categories":[22],"tags":[],"class_list":{"0":"post-31299","1":"post","2":"type-post","3":"status-publish","4":"format-standard","6":"category-brasil"},"_links":{"self":[{"href":"https:\/\/migracao.redenoticia.com.br\/noticia\/wp-json\/wp\/v2\/posts\/31299","targetHints":{"allow":["GET"]}}],"collection":[{"href":"https:\/\/migracao.redenoticia.com.br\/noticia\/wp-json\/wp\/v2\/posts"}],"about":[{"href":"https:\/\/migracao.redenoticia.com.br\/noticia\/wp-json\/wp\/v2\/types\/post"}],"author":[{"embeddable":true,"href":"https:\/\/migracao.redenoticia.com.br\/noticia\/wp-json\/wp\/v2\/users\/3"}],"replies":[{"embeddable":true,"href":"https:\/\/migracao.redenoticia.com.br\/noticia\/wp-json\/wp\/v2\/comments?post=31299"}],"version-history":[{"count":0,"href":"https:\/\/migracao.redenoticia.com.br\/noticia\/wp-json\/wp\/v2\/posts\/31299\/revisions"}],"wp:attachment":[{"href":"https:\/\/migracao.redenoticia.com.br\/noticia\/wp-json\/wp\/v2\/media?parent=31299"}],"wp:term":[{"taxonomy":"category","embeddable":true,"href":"https:\/\/migracao.redenoticia.com.br\/noticia\/wp-json\/wp\/v2\/categories?post=31299"},{"taxonomy":"post_tag","embeddable":true,"href":"https:\/\/migracao.redenoticia.com.br\/noticia\/wp-json\/wp\/v2\/tags?post=31299"}],"curies":[{"name":"wp","href":"https:\/\/api.w.org\/{rel}","templated":true}]}}