{"id":31307,"date":"2010-09-07T16:54:18","date_gmt":"2010-09-07T20:54:18","guid":{"rendered":"http:\/\/www.redenoticia.com.br\/noticia\/?p=31307"},"modified":"2010-09-08T15:16:12","modified_gmt":"2010-09-08T19:16:12","slug":"meteorologia-%e2%80%93-previsao-do-tempo-para-esta-quarta-feira-0809","status":"publish","type":"post","link":"https:\/\/migracao.redenoticia.com.br\/noticia\/2010\/meteorologia-%e2%80%93-previsao-do-tempo-para-esta-quarta-feira-0809\/31307","title":{"rendered":"Meteorologia \u2013 previs\u00e3o do tempo para esta quarta-feira 08\/09"},"content":{"rendered":"<p><img loading=\"lazy\" decoding=\"async\" class=\"alignleft size-full wp-image-28410\" title=\"previsao do tempo temperatura\" src=\"https:\/\/migracao.redenoticia.com.br\/noticia\/imagens\/previsao-do-tempo-temperatura.jpg\" alt=\"\" width=\"300\" height=\"193\" srcset=\"https:\/\/migracao.redenoticia.com.br\/noticia\/imagens\/previsao-do-tempo-temperatura.jpg 300w, https:\/\/migracao.redenoticia.com.br\/noticia\/imagens\/previsao-do-tempo-temperatura-250x160.jpg 250w, https:\/\/migracao.redenoticia.com.br\/noticia\/imagens\/previsao-do-tempo-temperatura-150x96.jpg 150w\" sizes=\"auto, (max-width: 300px) 100vw, 300px\" \/>Previs\u00e3o do tempo \u2013 a <strong><em>meteorologia<\/em><\/strong> divulgou a <strong><em>previs\u00e3o do tempo<\/em><\/strong> e <strong><em>temperatura<\/em><\/strong> para\u00a0quarta-feira (08\/09) e informa que\u00a0\u00e1reas de instabilidade ir\u00e3o provocar muitas nuvens e chuva no litoral de SP, no leste do RJ e no litoral sul da BA. Em algumas localidades do RJ haver\u00e1 acumulado significativo de chuva entre a madrugada e in\u00edcio do dia. Segundo a previs\u00e3o do tempo na faixa leste paulista, no norte do ES, no sul e leste de MG a chuva ocorrer\u00e1 de forma isolada. O tempo seguir\u00e1 inst\u00e1vel no litoral entre SE e o RN, com condi\u00e7\u00f5es de chuva a qualquer hora. Dados da previs\u00e3o do tempo indicam que na faixa central do pa\u00eds, o ar seco ainda manter\u00e1 o dia ensolarado com umidade relativa do ar baixa. No AM, em RR e noroeste do PA haver\u00e1 pancadas de chuva. Nas demais \u00e1reas do Brasil o dia ser\u00e1 de sol e pouca nebulosidade. A previs\u00e3o do tempo destaca que as temperaturas estar\u00e3o amenas no leste do Sudeste e do Sul.<\/p>\n<p>Vale do Para\u00edba \u2013 previs\u00e3o do tempo em 08\/09, a instabilidade diminuir\u00e1 na regi\u00e3o, principalmente entre a Serra da Mantiqueira e o Vale do Para\u00edba, onde o tempo ficar\u00e1 nublado e apenas com chuva isolada. No Litoral Norte, ainda ser\u00e1 um dia de chuva. A temperatura estar\u00e1 est\u00e1vel.<\/p>\n<p>Regi\u00e3o Centro-Oeste \u2013 previs\u00e3o do tempo em 08\/09\/2010: No centro-sul e leste de MS: sol entre varia\u00e7\u00e3o de nuvens. Nas demais \u00e1reas da Regi\u00e3o: c\u00e9u claro. A umidade relativa do ar estar\u00e1 baixa no per\u00edodo da tarde. Temperaturas est\u00e1veis. Temperatura m\u00e1xima: 38C no norte de MT. Temperatura m\u00ednima: 14C no sul de MS.<\/p>\n<p>Regi\u00e3o Nordeste \u2013 previs\u00e3o do tempo em 08\/09\/2010: No oeste da BA, na maior parte do MA, do PI e do CE: predom\u00ednio de sol. No norte do PI, CE e do MA: sol e poucas nuvens. No sul da BA: nublado com chuva isolada. No centro-leste da BA: nublado com chuva isolada. No litoral entre o SE e RN: tempo inst\u00e1vel com chuva a qualquer hora. Nas demais \u00e1reas da Regi\u00e3o: sol e varia\u00e7\u00e3o de nuvens. Temperaturas est\u00e1veis. Temperatura m\u00e1xima: 38C no oeste do MA. Temperatura m\u00ednima: 14C no sudoeste da BA.<\/p>\n<p>Regi\u00e3o Norte \u2013 previs\u00e3o do tempo em 08\/09\/2010: No AC, centro-sul do AM, no TO, em RO e no leste e sul do PA: predom\u00ednio de sol. No leste do AP e no nordeste do PA: sol com varia\u00e7\u00e3o de nuvens e pancadas de chuva \u00e0 tarde. Na faixa central do PA: sol com varia\u00e7\u00e3o de nuvens e uma pequena possibilidade de pancadas de chuva. Nas demais \u00e1reas da Regi\u00e3o: sol entre varia\u00e7\u00e3o de nuvens e com pancadas de chuva isolada. Temperaturas est\u00e1veis. Temperatura m\u00e1xima: 39C no leste do AM e no oeste do PA. Temperatura m\u00ednima: 18C no sudeste do TO.<\/p>\n<p>Regi\u00e3o Sudeste \u2013 previs\u00e3o do tempo em 08\/09\/2010: No leste e nordeste de SP, no sul e nordeste de MG e no centro-norte do ES: nublado com chuva isolada. No litoral de SP e no leste do RJ: nublado com chuva a qualquer hora. Nas demais \u00e1reas do ES e do RJ e no sudeste de MG: nublado com pancadas de chuva a qualquer momento. No norte de MG: sol entre poucas nuvens e com possibilidade de pancadas de chuva. No oeste de SP: sol com varia\u00e7\u00e3o de nuvens. No oeste de MG: predom\u00ednio de sol. Nas demais \u00e1reas de SP: dia nublado. Na faixa central de SP: dia nublado. Nas demais \u00e1reas da Regi\u00e3o: sol e poucas nuvens. As temperaturas estar\u00e3o amenas no leste de SP, no sul de MG e no RJ. Temperatura m\u00e1xima: 32C no oeste de MG Temperatura m\u00ednima: 08C na Serra da Mantiqueira.<\/p>\n<p>Regi\u00e3o Sul \u2013 previs\u00e3o do tempo em 08\/09\/2010: No centro-leste do PR: dia nublado. Nos litorais do PR e nordeste de SC: nublado com chuva isolada. No centro-oeste do RS: sol e poucas nuvens. Nas demais \u00e1reas da Regi\u00e3o: sol e varia\u00e7\u00e3o de nuvens. Temperaturas baixas no leste da Regi\u00e3o. Temperatura m\u00e1xima: 25C no oeste do PR. Temperatura m\u00ednima: 4C nas \u00e1reas de Serra com possibilidade de geada em alguns pontos.<\/p>\n<p>Previs\u00e3o do tempo e temperatura CPTEC<\/p>\n","protected":false},"excerpt":{"rendered":"<p>Previs\u00e3o do tempo \u2013 a meteorologia divulgou a previs\u00e3o do tempo e temperatura para\u00a0quarta-feira (08\/09) e informa que\u00a0\u00e1reas de instabilidade ir\u00e3o provocar muitas nuvens e chuva no litoral de SP, no leste do RJ e no litoral sul da BA. Em algumas localidades do RJ haver\u00e1 acumulado significativo de chuva entre a madrugada e in\u00edcio [&hellip;]<\/p>\n","protected":false},"author":3,"featured_media":28410,"comment_status":"open","ping_status":"open","sticky":false,"template":"","format":"standard","meta":{"tdm_status":"","tdm_grid_status":"","footnotes":""},"categories":[22],"tags":[],"class_list":{"0":"post-31307","1":"post","2":"type-post","3":"status-publish","4":"format-standard","5":"has-post-thumbnail","7":"category-brasil"},"_links":{"self":[{"href":"https:\/\/migracao.redenoticia.com.br\/noticia\/wp-json\/wp\/v2\/posts\/31307","targetHints":{"allow":["GET"]}}],"collection":[{"href":"https:\/\/migracao.redenoticia.com.br\/noticia\/wp-json\/wp\/v2\/posts"}],"about":[{"href":"https:\/\/migracao.redenoticia.com.br\/noticia\/wp-json\/wp\/v2\/types\/post"}],"author":[{"embeddable":true,"href":"https:\/\/migracao.redenoticia.com.br\/noticia\/wp-json\/wp\/v2\/users\/3"}],"replies":[{"embeddable":true,"href":"https:\/\/migracao.redenoticia.com.br\/noticia\/wp-json\/wp\/v2\/comments?post=31307"}],"version-history":[{"count":0,"href":"https:\/\/migracao.redenoticia.com.br\/noticia\/wp-json\/wp\/v2\/posts\/31307\/revisions"}],"wp:featuredmedia":[{"embeddable":true,"href":"https:\/\/migracao.redenoticia.com.br\/noticia\/wp-json\/wp\/v2\/media\/28410"}],"wp:attachment":[{"href":"https:\/\/migracao.redenoticia.com.br\/noticia\/wp-json\/wp\/v2\/media?parent=31307"}],"wp:term":[{"taxonomy":"category","embeddable":true,"href":"https:\/\/migracao.redenoticia.com.br\/noticia\/wp-json\/wp\/v2\/categories?post=31307"},{"taxonomy":"post_tag","embeddable":true,"href":"https:\/\/migracao.redenoticia.com.br\/noticia\/wp-json\/wp\/v2\/tags?post=31307"}],"curies":[{"name":"wp","href":"https:\/\/api.w.org\/{rel}","templated":true}]}}