{"id":31315,"date":"2010-09-08T11:42:32","date_gmt":"2010-09-08T15:42:32","guid":{"rendered":"http:\/\/www.redenoticia.com.br\/noticia\/?p=31315"},"modified":"2010-09-08T11:42:32","modified_gmt":"2010-09-08T15:42:32","slug":"brasileiros-que-forem-na-venezuela-nao-precisarao-de-passaporte","status":"publish","type":"post","link":"https:\/\/migracao.redenoticia.com.br\/noticia\/2010\/brasileiros-que-forem-na-venezuela-nao-precisarao-de-passaporte\/31315","title":{"rendered":"Brasileiros que forem na Venezuela n\u00e3o precisar\u00e3o de passaporte"},"content":{"rendered":"<p>At\u00e9 o fim do ano, brasileiros que forem visitar a Venezuela n\u00e3o precisar\u00e3o  mais apresentar o <strong><em>passaporte<\/em><\/strong> na hora de entrar no pa\u00eds vizinho. A novidade foi  anunciada em Boa Vista nesta ter\u00e7a-feira, 7, pelo embaixador da Venezuela no  Brasil, Maximilien Arvelaiz. O an\u00fancio foi feito durante a visita do embaixador  a Roraima, a convite do governador do Estado, Jos\u00e9 de Anchieta Junior, para os  festejos do Dia da Independ\u00eancia.<\/p>\n<p>O Estado de Roraima \u00e9 uma das principais fronteiras com a Venezuela. Segundo  o embaixador, o governo venezuelano acerta os procedimentos finais do acordo. A  medida, que vale tamb\u00e9m para os venezuelanos em visita ao Brasil, deve entrar em  vigor at\u00e9 o fim do ano.<\/p>\n<p>\u201cRoraima \u00e9 a porta de entrada da Venezuela no Brasil. Temos grande interesse  em estreitar esse relacionamento e melhorar a vida cotidiana das pessoas dos  dois lados da fronteira\u201d, afirmou o embaixador Arvelaiz.<\/p>\n<p>O governador de Roraima destacou a import\u00e2ncia do acordo firmado entre os  dois pa\u00edses. \u201cA Venezuela \u00e9 uma grande parceira de Roraima. A rela\u00e7\u00e3o entre  essas duas fronteiras deve ser modelo para toda a Am\u00e9rica Latina\u201d, destacou  Anchieta Junior.<\/p>\n<p>Na reuni\u00e3o, que contou com a presen\u00e7a do governador e de seu secretariado,  al\u00e9m do senador por Roraima Romero Juc\u00e1, o embaixador e Anchieta Junior trataram  de v\u00e1rios temas de interesse bilateral.<\/p>\n<p>Com o fim da obrigatoriedade da apresenta\u00e7\u00e3o do passaporte para brasileiros \u2013  o visto j\u00e1 n\u00e3o era cobrado para o tr\u00e2nsito entre os dois pa\u00edses \u2013 a Venezuela se  iguala aos pa\u00edses do Mercosul, com os quais o Brasil mant\u00e9m fronteira livre para  a circula\u00e7\u00e3o de pessoas, bastando apenas a apresenta\u00e7\u00e3o de um documento de  identifica\u00e7\u00e3o.<\/p>\n","protected":false},"excerpt":{"rendered":"<p>At\u00e9 o fim do ano, brasileiros que forem visitar a Venezuela n\u00e3o precisar\u00e3o mais apresentar o passaporte na hora de entrar no pa\u00eds vizinho. A novidade foi anunciada em Boa Vista nesta ter\u00e7a-feira, 7, pelo embaixador da Venezuela no Brasil, Maximilien Arvelaiz. O an\u00fancio foi feito durante a visita do embaixador a Roraima, a convite [&hellip;]<\/p>\n","protected":false},"author":3,"featured_media":0,"comment_status":"open","ping_status":"open","sticky":false,"template":"","format":"standard","meta":{"tdm_status":"","tdm_grid_status":"","footnotes":""},"categories":[22],"tags":[],"class_list":{"0":"post-31315","1":"post","2":"type-post","3":"status-publish","4":"format-standard","6":"category-brasil"},"_links":{"self":[{"href":"https:\/\/migracao.redenoticia.com.br\/noticia\/wp-json\/wp\/v2\/posts\/31315","targetHints":{"allow":["GET"]}}],"collection":[{"href":"https:\/\/migracao.redenoticia.com.br\/noticia\/wp-json\/wp\/v2\/posts"}],"about":[{"href":"https:\/\/migracao.redenoticia.com.br\/noticia\/wp-json\/wp\/v2\/types\/post"}],"author":[{"embeddable":true,"href":"https:\/\/migracao.redenoticia.com.br\/noticia\/wp-json\/wp\/v2\/users\/3"}],"replies":[{"embeddable":true,"href":"https:\/\/migracao.redenoticia.com.br\/noticia\/wp-json\/wp\/v2\/comments?post=31315"}],"version-history":[{"count":0,"href":"https:\/\/migracao.redenoticia.com.br\/noticia\/wp-json\/wp\/v2\/posts\/31315\/revisions"}],"wp:attachment":[{"href":"https:\/\/migracao.redenoticia.com.br\/noticia\/wp-json\/wp\/v2\/media?parent=31315"}],"wp:term":[{"taxonomy":"category","embeddable":true,"href":"https:\/\/migracao.redenoticia.com.br\/noticia\/wp-json\/wp\/v2\/categories?post=31315"},{"taxonomy":"post_tag","embeddable":true,"href":"https:\/\/migracao.redenoticia.com.br\/noticia\/wp-json\/wp\/v2\/tags?post=31315"}],"curies":[{"name":"wp","href":"https:\/\/api.w.org\/{rel}","templated":true}]}}