{"id":31346,"date":"2010-09-09T16:54:54","date_gmt":"2010-09-09T20:54:54","guid":{"rendered":"http:\/\/www.redenoticia.com.br\/noticia\/?p=31346"},"modified":"2010-09-10T15:22:01","modified_gmt":"2010-09-10T19:22:01","slug":"meteorologia-%e2%80%93-previsao-do-tempo-para-esta-sexta-feira-1009","status":"publish","type":"post","link":"https:\/\/migracao.redenoticia.com.br\/noticia\/2010\/meteorologia-%e2%80%93-previsao-do-tempo-para-esta-sexta-feira-1009\/31346","title":{"rendered":"Meteorologia \u2013 previs\u00e3o do tempo para esta sexta-feira 10\/09"},"content":{"rendered":"<p><img loading=\"lazy\" decoding=\"async\" class=\"alignleft size-full wp-image-28410\" title=\"previsao do tempo temperatura\" src=\"https:\/\/migracao.redenoticia.com.br\/noticia\/imagens\/previsao-do-tempo-temperatura.jpg\" alt=\"\" width=\"300\" height=\"193\" srcset=\"https:\/\/migracao.redenoticia.com.br\/noticia\/imagens\/previsao-do-tempo-temperatura.jpg 300w, https:\/\/migracao.redenoticia.com.br\/noticia\/imagens\/previsao-do-tempo-temperatura-250x160.jpg 250w, https:\/\/migracao.redenoticia.com.br\/noticia\/imagens\/previsao-do-tempo-temperatura-150x96.jpg 150w\" sizes=\"auto, (max-width: 300px) 100vw, 300px\" \/><\/p>\n<p>Previs\u00e3o do tempo \u2013 a <strong><em>meteorologia<\/em><\/strong> divulgou a <strong><em>previs\u00e3o do tempo<\/em><\/strong> e <strong><em>temperatura<\/em><\/strong> para esta sexta-feira (10\/09) e informa que os ventos de leste que chegam do oceano deixam a faixa litor\u00e2nea entre o norte do RJ e o RN com nebulosidade vari\u00e1vel e chuva r\u00e1pida no litoral entre a BA e a PB. Segundo a previs\u00e3o do tempo na Regi\u00e3o Sul o sol brilha forte no oeste do PR e de SC, nas outras \u00e1reas haver\u00e1 poucas nuvens e possibilidade de pancadas de chuva a tarde no oeste do RS. Dados da previs\u00e3o do tempo indicam que a massa de ar seco deixa a umidade baixa no Centro-Oeste, oeste de MG, norte de SP, oeste da BA, sul do Ma e do PI, TO, sudeste do PA e sul de RO. A previs\u00e3o do tempo destaca que na Regi\u00e3o Norte ocorrer\u00e3o pancadas de chuva no AM, RR, oeste e litoral do PA e do AP. As temperaturas estar\u00e3o elevadas.<\/p>\n<p>Vale do Para\u00edba \u2013 previs\u00e3o do tempo em 10\/09, o dia poder\u00e1 iniciar com neblinas localizadas na regi\u00e3o e ao longo do per\u00edodo o sol aparecer\u00e1 entre poucas nuvens. As temperaturas m\u00e1ximas estar\u00e3o em eleva\u00e7\u00e3o.<\/p>\n<p>Regi\u00e3o Centro-Oeste \u2013 previs\u00e3o do tempo em 10\/09\/2010: No extremo noroeste de MT: sol entre poucas nuvens e com possibilidade de pancadas de chuva. Nas demais \u00e1reas da Regi\u00e3o: dia ensolarado. A umidade relativa do ar estar\u00e1 baixa em grande parte da Regi\u00e3o. Temperaturas est\u00e1veis. Temperatura m\u00e1xima: 42C no noroeste de MT. Temperatura m\u00ednima: 14C no sul de MS.<\/p>\n<p>Regi\u00e3o Nordeste \u2013 previs\u00e3o do tempo em 10\/09\/2010: No noroeste do MA: sol e varia\u00e7\u00e3o de nuvens e pancadas de chuva a tarde. Na faixa central do MA: sol e varia\u00e7\u00e3o de nuvens e uma pequena chance pancadas de chuva. Na faixa leste do Nordeste, entre RN e SE: dia nublado. No litoral entre o PE e SE: pequena chance de pancada de chuva. No litoral da BA: tempo inst\u00e1vel com chuva a qualquer hora. No leste da BA: muitas nuvens com chuva isolada. No sul e faixa central da BA: sol entre nuvens. Nas demais \u00e1reas da Regi\u00e3o: predom\u00ednio de sol. A umidade relativa do ar estar\u00e1 baixa no oeste da BA e sul do PI e do MA. Temperaturas est\u00e1veis. Temperatura m\u00e1xima: 38C no norte do PI. Temperatura m\u00ednima: 16C no interior da BA.<\/p>\n<p>Regi\u00e3o Norte \u2013 previs\u00e3o do tempo em 10\/09\/2010: No norte do AP: sol entre nuvens. No nordeste do PA e centro-sul do AP: sol com varia\u00e7\u00e3o de nuvens e pancadas de chuva a tarde. No sul do PA, no TO, centro-sul de RO, no AC e extremo sudoeste do AM: predom\u00ednio de sol. No nordeste e leste do PA, em RR e demais \u00e1reas do AM: sol com varia\u00e7\u00e3o de nuvens e pancadas de chuva. Nas demais \u00e1reas da Regi\u00e3o: sol entre varia\u00e7\u00e3o de nuvens e pequena chance de pancadas de chuva. Temperaturas est\u00e1veis. Temperatura m\u00e1xima: 42C no sudoeste do AM. Temperatura m\u00ednima: 17C no sudoeste do PA.<\/p>\n<p>Regi\u00e3o Sudeste \u2013 previs\u00e3o do tempo em 10\/09\/2010: No litoral sul de SP, litoral norte do RJ e litoral sul do ES: dia nublado. No sul de SP: sol entre nuvens. No leste de MG, nas demais \u00e1reas do ES e norte do RJ: sol e poucas nuvens. Nas demais \u00e1reas da Regi\u00e3o: predom\u00ednio de sol. As temperaturas estar\u00e3o em eleva\u00e7\u00e3o no oeste da Regi\u00e3o. Temperatura m\u00e1xima: 35C no oeste de MG Temperatura m\u00ednima: 10C no sul de MG.<\/p>\n<p>Regi\u00e3o Sul \u2013 previs\u00e3o do tempo em 10\/09\/2010: No litoral do PR, e litoral norte de SC: dia nublado. No centro-leste do PR e centro-nordeste de SC: sol entre nuvens. No sudeste do RS: pequena chance de pancadas de chuva a tarde. Nas demais \u00e1reas do PR e de SC e no centro-nordeste do RS: predom\u00ednio de sol. Nas demais \u00e1reas do RS: sol com varia\u00e7\u00e3o de nuvens e pancadas de chuva. Temperaturas baixas no leste da Regi\u00e3o. Temperatura m\u00e1xima: 29C no norte do PR. Temperatura m\u00ednima: 6C nas \u00e1reas de Serra.<\/p>\n<p>Previs\u00e3o do tempo e temperatura CPTEC<span id=\"_marker\"> <\/span><\/p>\n","protected":false},"excerpt":{"rendered":"<p>Previs\u00e3o do tempo \u2013 a meteorologia divulgou a previs\u00e3o do tempo e temperatura para esta sexta-feira (10\/09) e informa que os ventos de leste que chegam do oceano deixam a faixa litor\u00e2nea entre o norte do RJ e o RN com nebulosidade vari\u00e1vel e chuva r\u00e1pida no litoral entre a BA e a PB. Segundo [&hellip;]<\/p>\n","protected":false},"author":3,"featured_media":28410,"comment_status":"open","ping_status":"open","sticky":false,"template":"","format":"standard","meta":{"tdm_status":"","tdm_grid_status":"","footnotes":""},"categories":[22],"tags":[],"class_list":{"0":"post-31346","1":"post","2":"type-post","3":"status-publish","4":"format-standard","5":"has-post-thumbnail","7":"category-brasil"},"_links":{"self":[{"href":"https:\/\/migracao.redenoticia.com.br\/noticia\/wp-json\/wp\/v2\/posts\/31346","targetHints":{"allow":["GET"]}}],"collection":[{"href":"https:\/\/migracao.redenoticia.com.br\/noticia\/wp-json\/wp\/v2\/posts"}],"about":[{"href":"https:\/\/migracao.redenoticia.com.br\/noticia\/wp-json\/wp\/v2\/types\/post"}],"author":[{"embeddable":true,"href":"https:\/\/migracao.redenoticia.com.br\/noticia\/wp-json\/wp\/v2\/users\/3"}],"replies":[{"embeddable":true,"href":"https:\/\/migracao.redenoticia.com.br\/noticia\/wp-json\/wp\/v2\/comments?post=31346"}],"version-history":[{"count":0,"href":"https:\/\/migracao.redenoticia.com.br\/noticia\/wp-json\/wp\/v2\/posts\/31346\/revisions"}],"wp:featuredmedia":[{"embeddable":true,"href":"https:\/\/migracao.redenoticia.com.br\/noticia\/wp-json\/wp\/v2\/media\/28410"}],"wp:attachment":[{"href":"https:\/\/migracao.redenoticia.com.br\/noticia\/wp-json\/wp\/v2\/media?parent=31346"}],"wp:term":[{"taxonomy":"category","embeddable":true,"href":"https:\/\/migracao.redenoticia.com.br\/noticia\/wp-json\/wp\/v2\/categories?post=31346"},{"taxonomy":"post_tag","embeddable":true,"href":"https:\/\/migracao.redenoticia.com.br\/noticia\/wp-json\/wp\/v2\/tags?post=31346"}],"curies":[{"name":"wp","href":"https:\/\/api.w.org\/{rel}","templated":true}]}}