{"id":3136,"date":"2009-06-18T10:05:19","date_gmt":"2009-06-18T14:05:19","guid":{"rendered":"http:\/\/www.redenoticia.com.br\/noticia\/?p=3136"},"modified":"2009-06-18T21:23:01","modified_gmt":"2009-06-19T01:23:01","slug":"concurso-da-sesau-em-rondonia-sera-aplicado-nas-escolas","status":"publish","type":"post","link":"https:\/\/migracao.redenoticia.com.br\/noticia\/2009\/concurso-da-sesau-em-rondonia-sera-aplicado-nas-escolas\/3136","title":{"rendered":"Concurso da Sesau em Rond\u00f4nia ser\u00e1 aplicado nas escolas"},"content":{"rendered":"<p>O concurso p\u00fablico da Secretaria de Estado da Sa\u00fade (Sesau) acontece no pr\u00f3ximo dia 21 de junho, em Porto Velho e em seis cidades do interior, inclusive Ji-Paran\u00e1.<\/p>\n<p>As maiores escolas estaduais estar\u00e3o dispon\u00edveis para o concurso Foram mais de 33.000 inscritos para 1.140 vagas, para \u00e1reas de n\u00edveis fundamental, m\u00e9dio e superior.<\/p>\n<p>Os sal\u00e1rios oferecidos foram estipulados com base em pesquisa. Como exemplo, farmac\u00eauticos e enfermeiros receber\u00e3o R$ 2.276,20. Para cargos de n\u00edvel t\u00e9cnico R$ 1.163,48. Para os cargos de engenheiro o sal\u00e1rio \u00e9 de R$ 5.069,59. Para os m\u00e9dicos com carga hor\u00e1ria de 40 horas o Estado pagar\u00e1 R$ 9.050,00.<\/p>\n<p>Outras informa\u00e7\u00f5es est\u00e3o dispon\u00edveis no site  <a href=\"http:\/\/concursos.funcab.org\/index.asp?id=84\">http:\/\/concursos.funcab.org\/index.asp?id=84<\/a><\/p>\n<p>Relat\u00f3rio Geral dos Locais da Prova Objetiva: <a href=\"http:\/\/ww4.funcab.org\/arquivos\/SESAURO2009\/relatorio_escola_endereco.pdf\" target=\"_blank\">(PDF)<\/a><\/p>\n<p>Cart\u00e3o de Confirma\u00e7\u00e3o de inscri\u00e7\u00e3o: <a href=\"http:\/\/concursos.funcab.org\/consulta.asp?id=84&amp;operador=and&amp;campos=cpf&amp;titulo=Cart%C3%A3o%20de%20Confirma%C3%A7%C3%A3o%20de%20Inscri%C3%A7%C3%A3o&amp;action=lista.asp?id=84$1titulo=$titulo$1onde=1$1action=carta.asp?excluir=$2filtro=OBJ$2titulo=$titulo\" target=\"_blank\"> (Clique aqui e veja o seu Local da Prova Objetiva)<\/a><\/p>\n<p>Confirma\u00e7\u00e3o de inscri\u00e7\u00e3o:  <a href=\"http:\/\/concursos.funcab.org\/consulta.asp?id=84&amp;operador=and&amp;campos=cpf&amp;titulo=Confirma%C3%A7%C3%A3o%20de%20inscri%C3%A7%C3%A3o&amp;action=lista.asp?titulo=$titulo$1onde=1$1action=verifica_action.asp?titulo=$titulo\" target=\"_self\"> (Clique aqui para ver o status de sua inscri\u00e7\u00e3o)<\/a><\/p>\n<p>Total de Candidatos inscritos por Cargo: <a href=\"http:\/\/concursos.funcab.org\/totais.asp?id=84\" target=\"_blank\">Clique aqui e veja o total de inscritos para cada cargo<\/a><\/p>\n<p>Edital n\u00ba 237 &#8211; Homologa\u00e7\u00e3o das inscri\u00e7\u00f5es e Locais de Prova: <a href=\"http:\/\/ww4.funcab.org\/arquivos\/SESAURO2009\/237%20-%20Homologacao%20das%20Inscricoes%20e%20Locais%20de%20Prova.pdf\" target=\"_blank\">(PDF)<\/a><\/p>\n<p>Segundo Edital de Prorroga\u00e7\u00e3o: <a href=\"http:\/\/ww4.funcab.org\/arquivos\/SESAURO2009\/edital_prorrogacao_2.pdf\" target=\"_blank\">(PDF)<\/a><\/p>\n<p>Edital de Prorroga\u00e7\u00e3o: <a href=\"http:\/\/ww4.funcab.org\/arquivos\/SESAURO2009\/edital_prorrogacao.pdf\" target=\"_blank\">(PDF)<\/a><\/p>\n<p>Edital n\u00ba 186 &#8211; Rela\u00e7\u00e3o das isen\u00e7\u00f5es deferidas e indeferidas: <a href=\"http:\/\/ww4.funcab.org\/arquivos\/SESAURO2009\/186%20-%20Resultado%20dos%20pedidos%20de%20isencao%20de%20taxa%20de%20inscricao.pdf\" target=\"_blank\">(PDF)<\/a><\/p>\n<p>Edital n\u00ba 191 &#8211; Retifica\u00e7\u00e3o n\u00ba 3 do Edital: <a href=\"http:\/\/ww4.funcab.org\/arquivos\/SESAURO2009\/191%20-%20Retificacao%20n.3%20no%20Edital%20n.%20149.pdf\" target=\"_blank\">(PDF)<\/a><\/p>\n<p>Edital n\u00ba 180 &#8211; Retifica\u00e7\u00e3o n\u00ba 2 do Edital: <a href=\"http:\/\/ww4.funcab.org\/arquivos\/SESAURO2009\/180%20-%20Retificacao%20n.2%20no%20Edital%20n.%20149.pdf\" target=\"_blank\">(PDF)<\/a><\/p>\n<p>Edital n\u00ba 178 &#8211; Retifica\u00e7\u00e3o do Edital: <a href=\"http:\/\/ww4.funcab.org\/arquivos\/SESAURO2009\/178%20-%20Retificacao%20no%20Edital%20n.%20149.pdf\" target=\"_blank\">(PDF)<\/a><\/p>\n<p>Manual do Candidato (16 Pag): <a href=\"http:\/\/ww4.funcab.org\/arquivos\/SESAURO2009\/manual_do_candidato.pdf\" target=\"_blank\">(PDF)<\/a><\/p>\n<p>Edital (69 Pag): <a href=\"http:\/\/ww4.funcab.org\/arquivos\/SESAURO2009\/edital.pdf\" target=\"_blank\">(PDF)<\/a><\/p>\n","protected":false},"excerpt":{"rendered":"<p>O concurso p\u00fablico da Secretaria de Estado da Sa\u00fade (Sesau) acontece no pr\u00f3ximo dia 21 de junho, em Porto Velho e em seis cidades do interior, inclusive Ji-Paran\u00e1. As maiores escolas estaduais estar\u00e3o dispon\u00edveis para o concurso Foram mais de 33.000 inscritos para 1.140 vagas, para \u00e1reas de n\u00edveis fundamental, m\u00e9dio e superior. Os sal\u00e1rios [&hellip;]<\/p>\n","protected":false},"author":3,"featured_media":0,"comment_status":"open","ping_status":"open","sticky":false,"template":"","format":"standard","meta":{"tdm_status":"","tdm_grid_status":"","footnotes":""},"categories":[22],"tags":[],"class_list":{"0":"post-3136","1":"post","2":"type-post","3":"status-publish","4":"format-standard","6":"category-brasil"},"_links":{"self":[{"href":"https:\/\/migracao.redenoticia.com.br\/noticia\/wp-json\/wp\/v2\/posts\/3136","targetHints":{"allow":["GET"]}}],"collection":[{"href":"https:\/\/migracao.redenoticia.com.br\/noticia\/wp-json\/wp\/v2\/posts"}],"about":[{"href":"https:\/\/migracao.redenoticia.com.br\/noticia\/wp-json\/wp\/v2\/types\/post"}],"author":[{"embeddable":true,"href":"https:\/\/migracao.redenoticia.com.br\/noticia\/wp-json\/wp\/v2\/users\/3"}],"replies":[{"embeddable":true,"href":"https:\/\/migracao.redenoticia.com.br\/noticia\/wp-json\/wp\/v2\/comments?post=3136"}],"version-history":[{"count":0,"href":"https:\/\/migracao.redenoticia.com.br\/noticia\/wp-json\/wp\/v2\/posts\/3136\/revisions"}],"wp:attachment":[{"href":"https:\/\/migracao.redenoticia.com.br\/noticia\/wp-json\/wp\/v2\/media?parent=3136"}],"wp:term":[{"taxonomy":"category","embeddable":true,"href":"https:\/\/migracao.redenoticia.com.br\/noticia\/wp-json\/wp\/v2\/categories?post=3136"},{"taxonomy":"post_tag","embeddable":true,"href":"https:\/\/migracao.redenoticia.com.br\/noticia\/wp-json\/wp\/v2\/tags?post=3136"}],"curies":[{"name":"wp","href":"https:\/\/api.w.org\/{rel}","templated":true}]}}