{"id":31369,"date":"2010-09-10T16:29:56","date_gmt":"2010-09-10T20:29:56","guid":{"rendered":"http:\/\/www.redenoticia.com.br\/noticia\/?p=31369"},"modified":"2010-09-10T16:29:56","modified_gmt":"2010-09-10T20:29:56","slug":"sinfac-sp-realiza-curso-sobre-tecnologia-da-informacao","status":"publish","type":"post","link":"https:\/\/migracao.redenoticia.com.br\/noticia\/2010\/sinfac-sp-realiza-curso-sobre-tecnologia-da-informacao\/31369","title":{"rendered":"SINFAC-SP realiza curso sobre Tecnologia da Informa\u00e7\u00e3o"},"content":{"rendered":"<p>O SINFAC-SP \u2013 Sindicato das Sociedades de Fomento Mercantil &#8211;<strong><em> Factoring <\/em><\/strong>do Estado de S\u00e3o Paulo promove em sua sede (Rua M\u00e1rio Amaral, 172 \u2013 conj. 132 \u2013 Para\u00edso \u2013 S\u00e3o Paulo &#8211; SP), de 14 a 16 de setembro, das 19h \u00e0s 22h30, o curso Tecnologia da Informa\u00e7\u00e3o no Fomento Mercantil.<\/p>\n<p>Gratuita para associados do Sindicato, a programa\u00e7\u00e3o ser\u00e1 ministrada em parceria com a WBA, empresa especializada na \u00e1rea, tendo como docentes o seu presidente, Valter Viana, bem como Ricardo Gouv\u00eaa e Alex Rodrigues, especialistas que abordar\u00e3o diversos temas de interesse dos empres\u00e1rios do factoring.<\/p>\n<p>O conte\u00fado program\u00e1tico foi formatado especialmente para dar subs\u00eddios a operadores, gerentes, gestores e empres\u00e1rios do fomento mercantil, preparando-os para lidar com o novo panorama da Tecnologia da Informa\u00e7\u00e3o no setor, por meio de conhecimentos essenciais para a tomada de decis\u00e3o neste campo, que a cada dia se demonstra mais estrat\u00e9gico para todos os neg\u00f3cios.<\/p>\n<p>A an\u00e1lise do cen\u00e1rio atual vivido pelas factorings pequenas e m\u00e9dias, bem como as prioridades tecnol\u00f3gicas desses empres\u00e1rios em \u00e1reas como seguran\u00e7a da informa\u00e7\u00e3o e escolha de um sistema de gest\u00e3o adequado para a sua atividade ser\u00e3o igualmente tratados, al\u00e9m de temas espec\u00edficos como infraestrutura de TI, hardware, rede, Internet e pol\u00edticas de investimento.<\/p>\n<p>Completam a programa\u00e7\u00e3o mat\u00e9rias acerca de: Sistema Transacional, Business Intelligence, An\u00e1lise Dimensional x An\u00e1lise Transacional, Sistemas Transacionais x Sistemas Estrat\u00e9gicos e Tecnologias dispon\u00edveis para o Fomento Mercantil.<\/p>\n<p>Mais informa\u00e7\u00f5es podem ser obtidas no SINFAC-SP (Tel.: 11-3889-2208 \u2013 e-mail: claudia@sinfac-sp.com.br) ou na empresa WBA (Tel.: 11-2915-5067 \u2013 email: larissa.viana@wba.com.br).<\/p>\n","protected":false},"excerpt":{"rendered":"<p>O SINFAC-SP \u2013 Sindicato das Sociedades de Fomento Mercantil &#8211; Factoring do Estado de S\u00e3o Paulo promove em sua sede (Rua M\u00e1rio Amaral, 172 \u2013 conj. 132 \u2013 Para\u00edso \u2013 S\u00e3o Paulo &#8211; SP), de 14 a 16 de setembro, das 19h \u00e0s 22h30, o curso Tecnologia da Informa\u00e7\u00e3o no Fomento Mercantil. Gratuita para associados [&hellip;]<\/p>\n","protected":false},"author":3,"featured_media":0,"comment_status":"open","ping_status":"open","sticky":false,"template":"","format":"standard","meta":{"tdm_status":"","tdm_grid_status":"","footnotes":""},"categories":[351,370],"tags":[],"class_list":{"0":"post-31369","1":"post","2":"type-post","3":"status-publish","4":"format-standard","6":"category-cursos","7":"category-inscricao"},"_links":{"self":[{"href":"https:\/\/migracao.redenoticia.com.br\/noticia\/wp-json\/wp\/v2\/posts\/31369","targetHints":{"allow":["GET"]}}],"collection":[{"href":"https:\/\/migracao.redenoticia.com.br\/noticia\/wp-json\/wp\/v2\/posts"}],"about":[{"href":"https:\/\/migracao.redenoticia.com.br\/noticia\/wp-json\/wp\/v2\/types\/post"}],"author":[{"embeddable":true,"href":"https:\/\/migracao.redenoticia.com.br\/noticia\/wp-json\/wp\/v2\/users\/3"}],"replies":[{"embeddable":true,"href":"https:\/\/migracao.redenoticia.com.br\/noticia\/wp-json\/wp\/v2\/comments?post=31369"}],"version-history":[{"count":0,"href":"https:\/\/migracao.redenoticia.com.br\/noticia\/wp-json\/wp\/v2\/posts\/31369\/revisions"}],"wp:attachment":[{"href":"https:\/\/migracao.redenoticia.com.br\/noticia\/wp-json\/wp\/v2\/media?parent=31369"}],"wp:term":[{"taxonomy":"category","embeddable":true,"href":"https:\/\/migracao.redenoticia.com.br\/noticia\/wp-json\/wp\/v2\/categories?post=31369"},{"taxonomy":"post_tag","embeddable":true,"href":"https:\/\/migracao.redenoticia.com.br\/noticia\/wp-json\/wp\/v2\/tags?post=31369"}],"curies":[{"name":"wp","href":"https:\/\/api.w.org\/{rel}","templated":true}]}}