{"id":31371,"date":"2010-09-10T16:13:31","date_gmt":"2010-09-10T20:13:31","guid":{"rendered":"http:\/\/www.redenoticia.com.br\/noticia\/?p=31371"},"modified":"2010-09-10T16:13:31","modified_gmt":"2010-09-10T20:13:31","slug":"santa-casa-de-ji-parana-ro-oferece-consulta-em-neurologia","status":"publish","type":"post","link":"https:\/\/migracao.redenoticia.com.br\/noticia\/2010\/santa-casa-de-ji-parana-ro-oferece-consulta-em-neurologia\/31371","title":{"rendered":"Santa Casa de Ji-Paran\u00e1 (RO) oferece consulta em Neurologia"},"content":{"rendered":"<p>Preocupada em oferecer atendimento \u00e0\u00a0sa\u00fade com pre\u00e7o acess\u00edvel, a Santa Casa de Miseric\u00f3rdia de <strong><em>Ji-Paran\u00e1<\/em><\/strong> (RO) tem buscado ampliar as especialidades m\u00e9dicas. H\u00e1\u00a0 quinze dias, a entidade oferece consultas na \u00e1rea de neurologia, com o Dr. Erisvaldo Alexandre, que atende \u00e0s quintas-feiras.<\/p>\n<p>Segundo a Presidente da Institui\u00e7\u00e3o, Marta Kopper, a vinda do profissional foi mais uma conquista para a popula\u00e7\u00e3o. \u201cEra um grande desejo termos um neurologista atendendo a nossa gente, e hoje temos. Entre os atendimentos por taxas, a consulta est\u00e1 saindo por R$100, sendo mais barato que em cl\u00ednicas particulares\u201d, disse.<\/p>\n<p>\u201cEstamos trabalhando para que possamos oferecer sempre mais ao nosso povo\u201d -, finaliza.<\/p>\n<p>Saiba mais<\/p>\n<p>Segundo a Academia Brasileira de Neurologia (ABN), a\u00a0Neurologia \u00e9 a especialidade m\u00e9dica voltada ao estudo, diagn\u00f3stico e tratamento das doen\u00e7as que comprometem o sistema nervoso (c\u00e9rebro, medula espinhal, ra\u00edzes nervosas e nervos) e m\u00fasculos (doen\u00e7as musculares &#8211; miopatias). De forma mais clara, pode-se afirmar que a Neurologia \u00e9 a especialidade que cuida de doen\u00e7as do c\u00e9rebro, medula, nervos, e musculos.<\/p>\n<p>O site da ABN, ainda coloca que as doen\u00e7as mais comuns tratadas pelo neurologista s\u00e3o as dores de cabe\u00e7a, cefaleia, enxaqueca.<\/p>\n<p>A academia ainda informa que, o m\u00e9dico neurologista trata tamb\u00e9m de outras dores, como lombares, no pesco\u00e7o, neuralgias, entre outras. Sintomas comuns que chegam ao neurologista s\u00e3o, al\u00e9m das dores de cabe\u00e7a (cefaleia), tonturas, perda de for\u00e7a, perda de sensibilidade, formigamentos, altera\u00e7\u00f5es na vista, tremores, desmaios, perda de mem\u00f3ria, altera\u00e7\u00f5es da fala e do comportamento, dist\u00farbios do sono como a ins\u00f4nia. O neurologista tem interface com a psiquiatria e pode tratar de casos de depress\u00e3o, ansiedade, p\u00e2nico, fobias, bipolar, tabagismo, uso de drogas, dependendo da forma\u00e7\u00e3o do profissional.<\/p>\n<p>Outras especialidades<\/p>\n<p>Entre as consultas que s\u00e3o cobradas taxas est\u00e3o: Cardiologia e Neurologia (R$100), Dermatologia (R$50), Nutri\u00e7\u00e3o (R$42) e Urologia (R$60). J\u00e1, as de Cl\u00ednico Geral, ginecologia, pediatria, fonoaudiologia e fisioterapia o atendimento \u00e9 gratuito. O servi\u00e7o funciona por agendamento atrav\u00e9s do telefone 3424-7686.<\/p>\n","protected":false},"excerpt":{"rendered":"<p>Preocupada em oferecer atendimento \u00e0\u00a0sa\u00fade com pre\u00e7o acess\u00edvel, a Santa Casa de Miseric\u00f3rdia de Ji-Paran\u00e1 (RO) tem buscado ampliar as especialidades m\u00e9dicas. H\u00e1\u00a0 quinze dias, a entidade oferece consultas na \u00e1rea de neurologia, com o Dr. Erisvaldo Alexandre, que atende \u00e0s quintas-feiras. Segundo a Presidente da Institui\u00e7\u00e3o, Marta Kopper, a vinda do profissional foi mais [&hellip;]<\/p>\n","protected":false},"author":3,"featured_media":0,"comment_status":"open","ping_status":"open","sticky":false,"template":"","format":"standard","meta":{"tdm_status":"","tdm_grid_status":"","footnotes":""},"categories":[22],"tags":[],"class_list":{"0":"post-31371","1":"post","2":"type-post","3":"status-publish","4":"format-standard","6":"category-brasil"},"_links":{"self":[{"href":"https:\/\/migracao.redenoticia.com.br\/noticia\/wp-json\/wp\/v2\/posts\/31371","targetHints":{"allow":["GET"]}}],"collection":[{"href":"https:\/\/migracao.redenoticia.com.br\/noticia\/wp-json\/wp\/v2\/posts"}],"about":[{"href":"https:\/\/migracao.redenoticia.com.br\/noticia\/wp-json\/wp\/v2\/types\/post"}],"author":[{"embeddable":true,"href":"https:\/\/migracao.redenoticia.com.br\/noticia\/wp-json\/wp\/v2\/users\/3"}],"replies":[{"embeddable":true,"href":"https:\/\/migracao.redenoticia.com.br\/noticia\/wp-json\/wp\/v2\/comments?post=31371"}],"version-history":[{"count":0,"href":"https:\/\/migracao.redenoticia.com.br\/noticia\/wp-json\/wp\/v2\/posts\/31371\/revisions"}],"wp:attachment":[{"href":"https:\/\/migracao.redenoticia.com.br\/noticia\/wp-json\/wp\/v2\/media?parent=31371"}],"wp:term":[{"taxonomy":"category","embeddable":true,"href":"https:\/\/migracao.redenoticia.com.br\/noticia\/wp-json\/wp\/v2\/categories?post=31371"},{"taxonomy":"post_tag","embeddable":true,"href":"https:\/\/migracao.redenoticia.com.br\/noticia\/wp-json\/wp\/v2\/tags?post=31371"}],"curies":[{"name":"wp","href":"https:\/\/api.w.org\/{rel}","templated":true}]}}