{"id":31372,"date":"2010-09-10T16:25:20","date_gmt":"2010-09-10T20:25:20","guid":{"rendered":"http:\/\/www.redenoticia.com.br\/noticia\/?p=31372"},"modified":"2010-09-10T16:25:20","modified_gmt":"2010-09-10T20:25:20","slug":"diadema-recebe-oficina-de-capacitacao-%e2%80%9cmuseus-e-turismo%e2%80%9d","status":"publish","type":"post","link":"https:\/\/migracao.redenoticia.com.br\/noticia\/2010\/diadema-recebe-oficina-de-capacitacao-%e2%80%9cmuseus-e-turismo%e2%80%9d\/31372","title":{"rendered":"Diadema recebe oficina de capacita\u00e7\u00e3o \u201cMuseus e Turismo\u201d"},"content":{"rendered":"<p>Buscando o desenvolvimento das institui\u00e7\u00f5es museol\u00f3gicas e dos profissionais de museus no interior de S\u00e3o Paulo, a Secretaria de Estado da Cultura, por meio do Sistema Estadual de Museus (SISEM-SP), realiza neste m\u00eas em Diadema uma oficina de capacita\u00e7\u00e3o em parceria com a prefeitura. Ministrada pela turism\u00f3loga Karla Veiga, a oficina ir\u00e1 auxiliar os profissionais de museus a tornarem a institui\u00e7\u00e3o mais atrativa para o p\u00fablico, por meio da elabora\u00e7\u00e3o de um roteiro tur\u00edstico cultural.<\/p>\n<p>Durante a oficina \u201c<strong><em>Museus e Turismo<\/em><\/strong>\u201d, que acontece de 15 a 17 de setembro, Karla Veiga far\u00e1 uma breve introdu\u00e7\u00e3o sobre a hist\u00f3ria do turismo cultural, para embasar a discuss\u00e3o sobre pol\u00edticas p\u00fablicas para fomento da \u00e1rea. A palestrante tamb\u00e9m ir\u00e1 abordar os conceitos de museu e o levantamento participativo do patrim\u00f4nio cultural e dos pontos tur\u00edsticos locais.<br \/>\nA oficina ser\u00e1 realizada no Museu de Arte Popular &#8211; Centro Cultural Diadema (MAP) (rua Graciosa, n\u00ba 300 \u2013 Centro), das 9h \u00e0s 17h. A ades\u00e3o \u00e9 gratuita e a inscri\u00e7\u00e3o pode ser feita pelo telefone (11) 4051-5408 ou e-mail museuartepopular@gmail.com.<\/p>\n<p>Sistema Estadual de Museus<br \/>\nO SISEM-SP re\u00fane e articula todos os museus do Estado em busca de promover o desenvolvimento e fortalecimento institucional. \u00c9 coordenado pela Unidade de Preserva\u00e7\u00e3o do Patrim\u00f4nio Museol\u00f3gico da Secretaria de Estado da Cultura (UPPM) e atualmente re\u00fane cerca 502 institui\u00e7\u00f5es, p\u00fablicas e privadas, de 159 munic\u00edpios. Entre as principais a\u00e7\u00f5es do SISEM, est\u00e1 a realiza\u00e7\u00e3o de exposi\u00e7\u00f5es itinerantes e de estudos detalhados sobre cada museu e cidades onde est\u00e3o localizados. O SISEM promove, ainda, programas de forma\u00e7\u00e3o, capacita\u00e7\u00e3o e aperfei\u00e7oamento t\u00e9cnico de profissionais, al\u00e9m de conv\u00eanios entre os museus do Estado e institui\u00e7\u00f5es nacionais e internacionais, com o objetivo de aprimorar e valorizar as institui\u00e7\u00f5es e seus acervos.<\/p>\n<p>ACAM Portinari<br \/>\nA Associa\u00e7\u00e3o Cultural de Amigos do Museu Casa de Portinari (ACAM Portinari) administra, em conv\u00eanio com a Secretaria de Estado da Cultura, sete museus no interior de S\u00e3o Paulo pertencentes ao governo do Estado. Al\u00e9m do Museu Casa de Portinari, em Brodowski, a ACAM responde por institui\u00e7\u00f5es museol\u00f3gicas em Tatu\u00ed, Amparo, Tup\u00e3, Campos do Jord\u00e3o, Taubat\u00e9 e Guaratinguet\u00e1. A gest\u00e3o compartilhada de museus atende a uma resolu\u00e7\u00e3o da Secretaria que regulamenta parcerias entre o governo e pessoas jur\u00eddicas de direito privado para a\u00e7\u00f5es na \u00e1rea cultural. Essas institui\u00e7\u00f5es parceiras, sem fins lucrativos, s\u00e3o chamadas Organiza\u00e7\u00f5es Sociais. Elas foram criadas por lei em 1998.<\/p>\n<p>SERVI\u00c7O<br \/>\nPalestra \u201cMuseu e Turismo\u201d<br \/>\nData: de 15 a 17\/9\/2010<br \/>\nLocal: Museu de Arte Popular &#8211; Centro Cultural Diadema (MAP) (rua Graciosa, n\u00ba 300 &#8211; Centro &#8211; Diadema \/SP)<br \/>\nHor\u00e1rio: das 9h \u00e0s 12h e das 13h30 \u00e0s 17h<br \/>\nP\u00fablico Alvo: Profissionais dos museus cadastrados no SISEM-SP e interessados em geral<br \/>\nInscri\u00e7oes: pelo telefone (11) 4051-5408 ou e-mail museuartepopular@gmail.com<br \/>\nAdes\u00e3o: gratuita<\/p>\n<p>Atendimento \u00e0 imprensa<br \/>\nN\u00facleo da Not\u00edcia Comunica\u00e7\u00e3o Corporativa:<br \/>\nTel. (16) 3237.7367\/68<br \/>\nJuliana Dias &#8211; (16) 9233-1823<br \/>\nJulianadias@nucleodanoticia.com.br<br \/>\nAna L\u00edgia Vasconcellos \u2013 (16) 9233-0624<br \/>\nanavasconcellos@nucleodanoticia.com.br<br \/>\nAndr\u00e9 Lu\u00eds Rezende \u2013 (16) 8142.4299<br \/>\nandreluisrezende@nucleodanoticia.com.br<br \/>\nwww.nucleodanoticia.com.br<\/p>\n<p>Data 15\/09\/2010<\/p>\n<p>Cidade DIADEMA<\/p>\n<p>Estado S\u00c3O PAULO<\/p>\n","protected":false},"excerpt":{"rendered":"<p>Buscando o desenvolvimento das institui\u00e7\u00f5es museol\u00f3gicas e dos profissionais de museus no interior de S\u00e3o Paulo, a Secretaria de Estado da Cultura, por meio do Sistema Estadual de Museus (SISEM-SP), realiza neste m\u00eas em Diadema uma oficina de capacita\u00e7\u00e3o em parceria com a prefeitura. Ministrada pela turism\u00f3loga Karla Veiga, a oficina ir\u00e1 auxiliar os profissionais [&hellip;]<\/p>\n","protected":false},"author":3,"featured_media":0,"comment_status":"open","ping_status":"open","sticky":false,"template":"","format":"standard","meta":{"tdm_status":"","tdm_grid_status":"","footnotes":""},"categories":[22,351,370],"tags":[],"class_list":{"0":"post-31372","1":"post","2":"type-post","3":"status-publish","4":"format-standard","6":"category-brasil","7":"category-cursos","8":"category-inscricao"},"_links":{"self":[{"href":"https:\/\/migracao.redenoticia.com.br\/noticia\/wp-json\/wp\/v2\/posts\/31372","targetHints":{"allow":["GET"]}}],"collection":[{"href":"https:\/\/migracao.redenoticia.com.br\/noticia\/wp-json\/wp\/v2\/posts"}],"about":[{"href":"https:\/\/migracao.redenoticia.com.br\/noticia\/wp-json\/wp\/v2\/types\/post"}],"author":[{"embeddable":true,"href":"https:\/\/migracao.redenoticia.com.br\/noticia\/wp-json\/wp\/v2\/users\/3"}],"replies":[{"embeddable":true,"href":"https:\/\/migracao.redenoticia.com.br\/noticia\/wp-json\/wp\/v2\/comments?post=31372"}],"version-history":[{"count":0,"href":"https:\/\/migracao.redenoticia.com.br\/noticia\/wp-json\/wp\/v2\/posts\/31372\/revisions"}],"wp:attachment":[{"href":"https:\/\/migracao.redenoticia.com.br\/noticia\/wp-json\/wp\/v2\/media?parent=31372"}],"wp:term":[{"taxonomy":"category","embeddable":true,"href":"https:\/\/migracao.redenoticia.com.br\/noticia\/wp-json\/wp\/v2\/categories?post=31372"},{"taxonomy":"post_tag","embeddable":true,"href":"https:\/\/migracao.redenoticia.com.br\/noticia\/wp-json\/wp\/v2\/tags?post=31372"}],"curies":[{"name":"wp","href":"https:\/\/api.w.org\/{rel}","templated":true}]}}