{"id":31400,"date":"2010-09-13T11:47:25","date_gmt":"2010-09-13T15:47:25","guid":{"rendered":"http:\/\/www.redenoticia.com.br\/noticia\/?p=31400"},"modified":"2010-09-13T11:47:25","modified_gmt":"2010-09-13T15:47:25","slug":"inadimplencia-do-consumidor-tem-o-pior-agosto-desde-2005","status":"publish","type":"post","link":"https:\/\/migracao.redenoticia.com.br\/noticia\/2010\/inadimplencia-do-consumidor-tem-o-pior-agosto-desde-2005\/31400","title":{"rendered":"Inadimpl\u00eancia do consumidor tem o pior agosto desde 2005"},"content":{"rendered":"<p>O\u00a0consumidor aproveitou a Copa do Mundo 2010 para comprar produtos de maior  valor agregado, acabou acumulando d\u00edvidas e com isso n\u00e3o conseguiu honrar seus  compromissos. O Indicador Serasa Experian de <strong><em>Inadimpl\u00eancia<\/em><\/strong> do Consumidor  registrou alta de 11,5% em agosto, na compara\u00e7\u00e3o com o mesmo m\u00eas do ano  anterior, representando o maior crescimento na rela\u00e7\u00e3o anual desde 2005.<\/p>\n<p>Na  avalia\u00e7\u00e3o mensal, agosto em rela\u00e7\u00e3o a julho, a inadimpl\u00eancia do consumidor  registrou crescimento ligeiro de 1,8%. Na an\u00e1lise dos acumulados, janeiro a  agosto de 2010\/2009, a inadimpl\u00eancia apresentou alta de 0,2%, a primeira  varia\u00e7\u00e3o positiva entre os acumulados desde janeiro deste ano.<\/p>\n<p>Segundo os  economistas da Serasa Experian, os sinais de reaquecimento da economia neste  terceiro trimestre, a continuidade de gera\u00e7\u00e3o de empregos e a eleva\u00e7\u00e3o da massa  salarial dever\u00e3o atenuar, ao longo dos pr\u00f3ximos meses, esta tend\u00eancia de  eleva\u00e7\u00e3o da inadimpl\u00eancia do consumidor, permitindo que ela cres\u00e7a num ritmo  inferior \u00e0 expans\u00e3o do cr\u00e9dito, conforme vem ocorrendo nestes \u00faltimos  trimestres.<\/p>\n<p>Na decomposi\u00e7\u00e3o do indicador, as d\u00edvidas com cart\u00f5es de cr\u00e9dito e  financeiras foram as principais respons\u00e1veis pelo crescimento da inadimpl\u00eancia  (alta de 5,9%), contribuindo com 2,0% no resultado do \u00edndice. As d\u00edvidas com os  bancos tamb\u00e9m subiram (1,1%) contribuindo com 0,6% no indicador mensal. Os  cheques sem fundos e os t\u00edtulos protestados apresentaram queda e acabaram  contribuindo negativamente com 0,6% e 0,1% respectivamente.<\/p>\n<p>Decomposi\u00e7\u00e3o do Indicador Serasa Experian de Inadimpl\u00eancia do Consumidor  Agosto x Julho \/ 2010<\/p>\n<p>Cart\u00f5es e Financeiras Bancos Protestos Cheques Total<br \/>\nVaria\u00e7\u00e3o 5,9% 1,1%  -3,1% -4,1% 1,8%<br \/>\nPeso 32,2% 50,2% 1,9% 14,7% 100,0%<br \/>\nContribui\u00e7\u00e3o 2,0% 0,6%  -0,1% -0,6% 1,8%<br \/>\nFonte: Serasa Experian<\/p>\n<p>Valor m\u00e9dio das d\u00edvidas com os bancos registra queda<\/p>\n<p>De janeiro a agosto de 2010, em compara\u00e7\u00e3o com o mesmo per\u00edodo do ano  anterior, o valor m\u00e9dio das d\u00edvidas com os bancos caiu 1,3%. As outras  modalidades de inadimpl\u00eancia apresentaram crescimento: cheques sem fundos  (32,7%), t\u00edtulos protestados (6,3%) e cart\u00f5es de cr\u00e9dito e financeiras (2,0%),  confira os dados completos na tabela abaixo.<\/p>\n<p>Modalidades de Inadimpl\u00eancia Valor m\u00e9dio das d\u00edvidas Jan-Ago \/ 09 Valor m\u00e9dio  das d\u00edvidas Jan-Ago \/ 10 Varia\u00e7\u00e3o<\/p>\n<p>Cheques sem Fundos R$ 930,69 R$ 1.235,18 32,7%<br \/>\nT\u00edtulos Protestados R$  1.103,75 R$ 1.173,15 6,3%<br \/>\nCart\u00f5es de Cr\u00e9dito e Financeiras R$ 369,20 R$  376,50 2,0%<br \/>\nD\u00edvidas com os Bancos R$ 1.337,32 R$ 1.319,99 -1,3%<br \/>\nFonte:  Serasa Experian<br \/>\nMetodologia do Indicador<\/p>\n<p>O Indicador Serasa Experian de  Inadimpl\u00eancia do Consumidor considera as varia\u00e7\u00f5es registradas no n\u00famero de  cheques sem fundos, t\u00edtulos protestados, d\u00edvidas vencidas com institui\u00e7\u00f5es  financeiras e cart\u00f5es de cr\u00e9dito e financeiras. Por analisar eventos ocorridos  em todo o Brasil, o indicador reflete o comportamento da inadimpl\u00eancia em \u00e2mbito  nacional.<\/p>\n<p>Serasa Experian<\/p>\n<p>A Serasa Experian \u00e9 l\u00edder na Am\u00e9rica Latina em servi\u00e7os de informa\u00e7\u00f5es para  apoio na tomada de decis\u00f5es das empresas. No Brasil, \u00e9 sin\u00f4nimo de solu\u00e7\u00e3o para  todas as etapas do ciclo de neg\u00f3cios, desde a prospec\u00e7\u00e3o at\u00e9 a cobran\u00e7a,  oferecendo \u00e0s organiza\u00e7\u00f5es as melhores ferramentas. Com profundo conhecimento do  mercado brasileiro, conjuga a for\u00e7a e a tradi\u00e7\u00e3o do nome Serasa com a lideran\u00e7a  mundial da Experian. Criada em 1968, uniu-se \u00e0 Experian Company em 2007.  Responde on-line\/real-time a 4 milh\u00f5es de consultas por dia, auxiliando 400 mil  clientes diretos e indiretos a tomar a melhor decis\u00e3o em qualquer etapa de  neg\u00f3cio. \u00c9 a maior Autoridade Certificadora do Brasil, provendo todos os tipos  de certificados digitais e solu\u00e7\u00f5es customizadas para utiliza\u00e7\u00e3o da tecnologia  de certifica\u00e7\u00e3o digital e de Notas Fiscais Eletr\u00f4nicas (NF-e), tornando os  neg\u00f3cios mais seguros, \u00e1geis e rent\u00e1veis.<\/p>\n<p>Constantemente orientada para  solu\u00e7\u00f5es inovadoras em informa\u00e7\u00f5es para cr\u00e9dito, marketing e neg\u00f3cios, a Serasa  Experian vem contribuindo para a transforma\u00e7\u00e3o do mercado de solu\u00e7\u00f5es de  informa\u00e7\u00e3o, com a incorpora\u00e7\u00e3o cont\u00ednua dos mais avan\u00e7ados recursos de  intelig\u00eancia e tecnologia.<br \/>\nwww.serasaexperian.com.br<\/p>\n<p>Experian<\/p>\n<p>A Serasa Experian \u00e9 parte do grupo Experian, l\u00edder mundial em servi\u00e7os de  informa\u00e7\u00e3o, fornecendo dados e ferramentas de an\u00e1lise a clientes em mais de 90  pa\u00edses. A empresa auxilia os clientes no gerenciamento do risco de cr\u00e9dito,  preven\u00e7\u00e3o a fraudes, direcionamento de campanhas de marketing e na automatiza\u00e7\u00e3o  o processo de tomada de decis\u00e3o. A Experian plc tamb\u00e9m ap\u00f3ia pessoas f\u00edsicas no  gerenciamento de seus relat\u00f3rios e scores de cr\u00e9dito e na prote\u00e7\u00e3o a fraudes de  identidade.<\/p>\n<p>A Experian plc est\u00e1 registrada na Bolsa de Valores de Londres  (EXPN) e comp\u00f5e o \u00edndice FTSE 100, que \u00e9 o principal indicador do desempenho  m\u00e9dio das cota\u00e7\u00f5es da Bolsa de Londres. A receita total para o ano fiscal  encerrado em 31 de mar\u00e7o de 2010 foi de US$ 3,9 bilh\u00f5es. A empresa emprega cerca  de 15.000 pessoas em 40 pa\u00edses e possui sede corporativa em Dublin, na Irlanda e  sedes operacionais em Nottingham, no Reino Unido; em Costa Mesa, na Calif\u00f3rnia e  em S\u00e3o Paulo, Brasil.<br \/>\nPara mais informa\u00e7\u00f5es, visite  http:\/\/www.experianplc.com<\/p>\n","protected":false},"excerpt":{"rendered":"<p>O\u00a0consumidor aproveitou a Copa do Mundo 2010 para comprar produtos de maior valor agregado, acabou acumulando d\u00edvidas e com isso n\u00e3o conseguiu honrar seus compromissos. O Indicador Serasa Experian de Inadimpl\u00eancia do Consumidor registrou alta de 11,5% em agosto, na compara\u00e7\u00e3o com o mesmo m\u00eas do ano anterior, representando o maior crescimento na rela\u00e7\u00e3o anual [&hellip;]<\/p>\n","protected":false},"author":3,"featured_media":0,"comment_status":"open","ping_status":"open","sticky":false,"template":"","format":"standard","meta":{"tdm_status":"","tdm_grid_status":"","footnotes":""},"categories":[22,7],"tags":[],"class_list":{"0":"post-31400","1":"post","2":"type-post","3":"status-publish","4":"format-standard","6":"category-brasil","7":"category-economia"},"_links":{"self":[{"href":"https:\/\/migracao.redenoticia.com.br\/noticia\/wp-json\/wp\/v2\/posts\/31400","targetHints":{"allow":["GET"]}}],"collection":[{"href":"https:\/\/migracao.redenoticia.com.br\/noticia\/wp-json\/wp\/v2\/posts"}],"about":[{"href":"https:\/\/migracao.redenoticia.com.br\/noticia\/wp-json\/wp\/v2\/types\/post"}],"author":[{"embeddable":true,"href":"https:\/\/migracao.redenoticia.com.br\/noticia\/wp-json\/wp\/v2\/users\/3"}],"replies":[{"embeddable":true,"href":"https:\/\/migracao.redenoticia.com.br\/noticia\/wp-json\/wp\/v2\/comments?post=31400"}],"version-history":[{"count":0,"href":"https:\/\/migracao.redenoticia.com.br\/noticia\/wp-json\/wp\/v2\/posts\/31400\/revisions"}],"wp:attachment":[{"href":"https:\/\/migracao.redenoticia.com.br\/noticia\/wp-json\/wp\/v2\/media?parent=31400"}],"wp:term":[{"taxonomy":"category","embeddable":true,"href":"https:\/\/migracao.redenoticia.com.br\/noticia\/wp-json\/wp\/v2\/categories?post=31400"},{"taxonomy":"post_tag","embeddable":true,"href":"https:\/\/migracao.redenoticia.com.br\/noticia\/wp-json\/wp\/v2\/tags?post=31400"}],"curies":[{"name":"wp","href":"https:\/\/api.w.org\/{rel}","templated":true}]}}