{"id":3143,"date":"2009-06-18T16:42:41","date_gmt":"2009-06-18T20:42:41","guid":{"rendered":"http:\/\/www.redenoticia.com.br\/noticia\/?p=3143"},"modified":"2009-06-18T16:42:41","modified_gmt":"2009-06-18T20:42:41","slug":"24-estudantes-viajam-aos-estados-unidos-como-premio-da-copa-itau-de-tenis","status":"publish","type":"post","link":"https:\/\/migracao.redenoticia.com.br\/noticia\/2009\/24-estudantes-viajam-aos-estados-unidos-como-premio-da-copa-itau-de-tenis\/3143","title":{"rendered":"24 estudantes viajam aos Estados Unidos como premio da Copa Itau de Tenis"},"content":{"rendered":"<p style=\"margin-top: 0in; margin-right: 0in; margin-bottom: 0pt; margin-left: 0in;\"><span lang=\"PT-BR\"><span style=\"font-size: small;\">Foram revelados no \u00faltimo domingo, dia 14 de junho, os nomes dos dois \u00faltimos integrantes da equipe de 24 campe\u00f5es da Copa Ita\u00fa de T\u00eanis Escolar e Universit\u00e1rio 2009, que desfrutar\u00e3o de uma semana de treinamento na sede de Naples da Academia Sanchez-Casal, incluindo treino em quadra, preparo f\u00edsico e curso de ingl\u00eas. Os contemplados foram\u00a0Liz Bogarin, da Escola Estadual Lydia Kitz Moreira,\u00a0e Lucas Vaz, do Col\u00e9gio Notre Dame de Campinas, que levantaram o trof\u00e9u da etapa paulista do evento, na categoria 17 anos.<\/span><\/span><\/p>\n<p style=\"margin-top: 0in; margin-right: 0in; margin-bottom: 0pt; margin-left: 0in;\"><span lang=\"PT-BR\"> <\/span><\/p>\n<p style=\"margin-top: 0in; margin-right: 0in; margin-bottom: 0pt; margin-left: 0in;\"><span lang=\"PT-BR\"><span style=\"font-size: small;\">&#8220;Esta viagem vai ser\u00a0muito importante para mim. Pelo que sei, as garotas que treinam nesta academia tem um n\u00edvel de jogo bem forte. Vai dar para\u00a0eu aprender bastante coisa&#8221;, disse Liz Bogarin, que apesar da pouca idade &#8211; tem apenas 15 anos &#8211; j\u00e1 montou seu calend\u00e1rio do segundo semestre apenas com torneios profissionais. Natural do Mato Grosso do Sul, a tenista treina em S\u00e3o Paulo com o pai, Wilson Bogarin, e na final da Copa Ita\u00fa marcou 6\/0 6\/3 sobre Gabriela Andrade, da Escola Estadual Professor Caran Aparecido Gon\u00e7alves.<\/span><\/span><\/p>\n<p style=\"margin-top: 0in; margin-right: 0in; margin-bottom: 0pt; margin-left: 0in;\"><span lang=\"PT-BR\"> <\/span><\/p>\n<p style=\"margin-top: 0in; margin-right: 0in; margin-bottom: 0pt; margin-left: 0in;\"><span lang=\"PT-BR\"><span style=\"font-size: small;\">Nono melhor tenista do Estado, Lucas Vaz tamb\u00e9m deixou a competi\u00e7\u00e3o feliz ap\u00f3s vencer na final o aluno da Escola Granja Viana,\u00a0<span lang=\"PT-BR\"><span style=\"font-size: small;\">Jo\u00e3o Freitas, por 6\/3 6\/1<\/span><\/span>. &#8220;Foi muito legal participar de uma competi\u00e7\u00e3o representando o meu col\u00e9gio. Acho que minha vontade de ir para os Estados Unidos foi o que mais me ajudou a vencer&#8221;, contou o tenista, que treina na Sociedade H\u00edpica de Campinas e na Academia Di Salvi Tennis.<\/span><\/span><\/p>\n","protected":false},"excerpt":{"rendered":"<p>Foram revelados no \u00faltimo domingo, dia 14 de junho, os nomes dos dois \u00faltimos integrantes da equipe de 24 campe\u00f5es da Copa Ita\u00fa de T\u00eanis Escolar e Universit\u00e1rio 2009, que desfrutar\u00e3o de uma semana de treinamento na sede de Naples da Academia Sanchez-Casal, incluindo treino em quadra, preparo f\u00edsico e curso de ingl\u00eas. Os contemplados [&hellip;]<\/p>\n","protected":false},"author":2,"featured_media":0,"comment_status":"open","ping_status":"open","sticky":false,"template":"","format":"standard","meta":{"tdm_status":"","tdm_grid_status":"","footnotes":""},"categories":[22],"tags":[],"class_list":{"0":"post-3143","1":"post","2":"type-post","3":"status-publish","4":"format-standard","6":"category-brasil"},"_links":{"self":[{"href":"https:\/\/migracao.redenoticia.com.br\/noticia\/wp-json\/wp\/v2\/posts\/3143","targetHints":{"allow":["GET"]}}],"collection":[{"href":"https:\/\/migracao.redenoticia.com.br\/noticia\/wp-json\/wp\/v2\/posts"}],"about":[{"href":"https:\/\/migracao.redenoticia.com.br\/noticia\/wp-json\/wp\/v2\/types\/post"}],"author":[{"embeddable":true,"href":"https:\/\/migracao.redenoticia.com.br\/noticia\/wp-json\/wp\/v2\/users\/2"}],"replies":[{"embeddable":true,"href":"https:\/\/migracao.redenoticia.com.br\/noticia\/wp-json\/wp\/v2\/comments?post=3143"}],"version-history":[{"count":0,"href":"https:\/\/migracao.redenoticia.com.br\/noticia\/wp-json\/wp\/v2\/posts\/3143\/revisions"}],"wp:attachment":[{"href":"https:\/\/migracao.redenoticia.com.br\/noticia\/wp-json\/wp\/v2\/media?parent=3143"}],"wp:term":[{"taxonomy":"category","embeddable":true,"href":"https:\/\/migracao.redenoticia.com.br\/noticia\/wp-json\/wp\/v2\/categories?post=3143"},{"taxonomy":"post_tag","embeddable":true,"href":"https:\/\/migracao.redenoticia.com.br\/noticia\/wp-json\/wp\/v2\/tags?post=3143"}],"curies":[{"name":"wp","href":"https:\/\/api.w.org\/{rel}","templated":true}]}}