{"id":3152,"date":"2009-06-18T18:36:26","date_gmt":"2009-06-18T22:36:26","guid":{"rendered":"http:\/\/www.redenoticia.com.br\/noticia\/?p=3152"},"modified":"2009-06-29T23:06:49","modified_gmt":"2009-06-30T03:06:49","slug":"a-dor-do-seu-bichinho","status":"publish","type":"post","link":"https:\/\/migracao.redenoticia.com.br\/noticia\/2009\/a-dor-do-seu-bichinho\/3152","title":{"rendered":"A dor do seu bichinho"},"content":{"rendered":"<p style=\"margin-top: 0cm; margin-right: 0cm; margin-bottom: 10pt; margin-left: 0cm; text-align: justify;\"><span style=\"font-family: Calibri; font-size: small;\">A humaniza\u00e7\u00e3o dos animais dom\u00e9sticos permitiu a eles demonstrar sua dor sem correr o risco de parecer uma presa f\u00e1cil, o que seria fatal em um ambiente selvagem. Hoje, o sinal est\u00e1 verde para que o bichinho expresse seu inc\u00f4modo, e o perigo que ele corre \u00e9 somente o de n\u00e3o poder se fazer entender.<\/span><\/p>\n<p style=\"margin-top: 0cm; margin-right: 0cm; margin-bottom: 10pt; margin-left: 0cm; text-align: justify;\"><span style=\"font-size: small;\"><span style=\"font-family: Calibri;\">O animal com dor pode n\u00e3o verbalizar seu sentimento atrav\u00e9s de sons, mas certamente apresentar\u00e1 algumas altera\u00e7\u00f5es em seu comportamento. Cachorros calmos e comportados podem ficar mais agressivos, e o oposto tamb\u00e9m pode acontecer se o c\u00e3o bravo parecer n\u00e3o se importar mais com o carteiro ou o coletor de lixo. Gatos costumam se isolar. \u201cA automutila\u00e7\u00e3o tamb\u00e9m \u00e9 um sintoma muito comum do animal com dor, e normalmente vem acompanhada de diminui\u00e7\u00e3o do apetite, depress\u00e3o e apatia\u201d, explica Karina Yazbek, veterin\u00e1ria certificada pela SBED \u2013 Sociedade Brasileira para o Estudo da Dor<span style=\"color: black;\">.<\/span><\/span><\/span><\/p>\n<p style=\"margin-top: 0cm; margin-right: 0cm; margin-bottom: 10pt; margin-left: 0cm; text-align: justify;\"><span style=\"color: black;\"><span style=\"font-size: small;\"><span style=\"font-family: Calibri;\">Segundo Karina, o c\u00e2ncer \u00e9 a principal causa de dor em animais, seguido pela osteoartrose. Ambas as doen\u00e7as podem ser causadas por in\u00fameros fatores, inclusive a gen\u00e9tica, mas se sabe que, devido aos cuidados que recebem de seus donos, a expectativa de vida dos animais t\u00eam aumentado. Isso os torna mais suscet\u00edveis a doen\u00e7as que se desenvolvem com o passar dos anos.<span> <\/span><span> <\/span><\/span><\/span><\/span><\/p>\n<p style=\"margin-top: 0cm; margin-right: 0cm; margin-bottom: 10pt; margin-left: 0cm; text-align: justify;\"><span style=\"font-family: Calibri; font-size: small;\">A 4\u00ba edi\u00e7\u00e3o do Cindor, seguindo a linha da interdisciplinaridade, abordou tamb\u00e9m a quest\u00e3o da dor nos animais dom\u00e9sticos, e divulga a escala de qualidade de vida em animais que sofrem com dor. Entre os indicadores est\u00e3o as atividades di\u00e1rias normais de c\u00e3es e outros animais dom\u00e9sticos, ou seja, seu animal tem uma boa qualidade de vida quando mant\u00e9m os h\u00e1bitos de higiene, se envolve em brincadeiras, vai receber o dono no port\u00e3o, pede para passear e est\u00e1 sempre demonstrando sua satisfa\u00e7\u00e3o de um jeito bem conhecido, abanando o rabo.<\/span><\/p>\n<p style=\"margin-top: 0cm; margin-right: 0cm; margin-bottom: 10pt; margin-left: 0cm;\"><span style=\"font-family: Calibri; font-size: small;\">Sinais que podem revelar a dor do seu gato ou cachorro:<\/span><\/p>\n<ul style=\"margin-top: 0cm;\">\n<li style=\"margin-left: 0cm; margin-top: 0cm; margin-right: 0cm; margin-bottom: 10pt;\"><span style=\"font-family: Calibri; font-size: small;\">Aumento de agressividade ou apatia<\/span><\/li>\n<li style=\"margin-left: 0cm; margin-top: 0cm; margin-right: 0cm; margin-bottom: 10pt;\"><span style=\"font-family: Calibri; font-size: small;\">Automutila\u00e7\u00e3o<\/span><\/li>\n<li style=\"margin-left: 0cm; margin-top: 0cm; margin-right: 0cm; margin-bottom: 10pt;\"><span style=\"font-family: Calibri; font-size: small;\">Redu\u00e7\u00e3o do apetite<\/span><\/li>\n<li style=\"margin-left: 0cm; margin-top: 0cm; margin-right: 0cm; margin-bottom: 10pt;\"><span style=\"font-family: Calibri; font-size: small;\">Diminui\u00e7\u00e3o da mobilidade<\/span><\/li>\n<li style=\"margin-left: 0cm; margin-top: 0cm; margin-right: 0cm; margin-bottom: 10pt;\"><span style=\"font-family: Calibri; font-size: small;\">Isolamento<\/span><\/li>\n<li style=\"margin-left: 0cm; margin-top: 0cm; margin-right: 0cm; margin-bottom: 10pt;\"><span style=\"font-family: Calibri; font-size: small;\">Depress\u00e3o<\/span><\/li>\n<\/ul>\n<p style=\"margin-top: 0cm; margin-right: 0cm; margin-bottom: 10pt; margin-left: 0cm;\"><span style=\"font-family: Calibri; font-size: small;\">\u00cdndices de qualidade de vida:<\/span><\/p>\n<ul style=\"margin-top: 0cm;\">\n<li style=\"margin-left: 0cm; margin-top: 0cm; margin-right: 0cm; margin-bottom: 10pt;\"><span style=\"font-family: Calibri; font-size: small;\">Brincadeiras<\/span><\/li>\n<li style=\"margin-left: 0cm; margin-top: 0cm; margin-right: 0cm; margin-bottom: 10pt;\"><span style=\"font-family: Calibri; font-size: small;\">Intera\u00e7\u00e3o com o dono (recebe no port\u00e3o, pede para passear)<\/span><\/li>\n<li style=\"margin-left: 0cm; margin-top: 0cm; margin-right: 0cm; margin-bottom: 10pt;\"><span style=\"font-family: Calibri; font-size: small;\">Abanar o rabo<\/span><\/li>\n<li style=\"margin-left: 0cm; margin-top: 0cm; margin-right: 0cm; margin-bottom: 10pt;\"><span style=\"font-family: Calibri; font-size: small;\">Higiene<\/span><\/li>\n<li style=\"margin-left: 0cm; margin-top: 0cm; margin-right: 0cm; margin-bottom: 10pt;\"><span style=\"font-family: Calibri; font-size: small;\">Bom apetite<\/span><\/li>\n<\/ul>\n<p style=\"margin-top: 0cm; margin-right: 0cm; margin-bottom: 10pt; margin-left: 0cm;\"><span style=\"font-family: Calibri; font-size: small;\"> <\/span><\/p>\n<p style=\"margin-top: 0cm; margin-right: 0cm; margin-bottom: 10pt; margin-left: 0cm;\"><span style=\"font-family: Calibri; font-size: small;\"> <\/span><span style=\"font-size: small;\"><span style=\"font-family: Calibri;\"><strong><span style=\"color: black;\">4\u00aa Edi\u00e7\u00e3o do\u00a0\u00a0Congresso Interdisciplinar de Dor da Universidade de S\u00e3o Paulo\u00a0(CINDOR 2009)<\/span><\/strong><strong> <\/strong><\/span><\/span><\/p>\n<p style=\"margin-top: 0cm; margin-right: 0cm; margin-bottom: 10pt; margin-left: 0cm; text-align: justify;\"><span style=\"font-size: small;\"><span style=\"font-family: Calibri;\"><span style=\"color: black;\">18 a 20 de junho de 2009<\/span><\/span><\/span><\/p>\n<p style=\"margin-top: 0cm; margin-right: 0cm; margin-bottom: 10pt; margin-left: 0cm; text-align: justify;\"><span style=\"font-size: small;\"><span style=\"font-family: Calibri;\"><span style=\"color: black;\">Centro de Conven\u00e7\u00f5es Rebou\u00e7as<\/span><\/span><\/span><\/p>\n<p style=\"margin-top: 0cm; margin-right: 0cm; margin-bottom: 10pt; margin-left: 0cm; text-align: justify;\"><span style=\"font-size: small;\"><span style=\"font-family: Calibri;\"><span style=\"color: black;\">Av. Rebou\u00e7as, 600 &#8211; Cerqueira C\u00e9sar &#8211; S\u00e3o Paulo \u2013 SP<\/span><\/span><\/span><\/p>\n<p style=\"margin-top: 0cm; margin-right: 0cm; margin-bottom: 10pt; margin-left: 0cm; text-align: justify;\"><span style=\"font-size: small;\"><span style=\"font-family: Calibri;\"><strong><span style=\"color: black;\">Programa\u00e7\u00e3o:<\/span><\/strong><span style=\"color: black;\"> <\/span><span style=\"color: black;\"><a style=\"color: #0000cc;\" href=\"http:\/\/www.cmacomunicacao.com.br\/\/listen\/maxpress_muda.php?rd=177937&amp;ceda=16192083&amp;ml=#mail%23\" target=\"_blank\"><span style=\"color: windowtext; text-decoration: none;\">www.cindorusp.com<\/span><\/a><\/span><\/span><\/span><\/p>\n","protected":false},"excerpt":{"rendered":"<p>A humaniza\u00e7\u00e3o dos animais dom\u00e9sticos permitiu a eles demonstrar sua dor sem correr o risco de parecer uma presa f\u00e1cil, o que seria fatal em um ambiente selvagem. Hoje, o sinal est\u00e1 verde para que o bichinho expresse seu inc\u00f4modo, e o perigo que ele corre \u00e9 somente o de n\u00e3o poder se fazer entender. [&hellip;]<\/p>\n","protected":false},"author":2,"featured_media":0,"comment_status":"open","ping_status":"open","sticky":false,"template":"","format":"standard","meta":{"tdm_status":"","tdm_grid_status":"","footnotes":""},"categories":[22],"tags":[],"class_list":{"0":"post-3152","1":"post","2":"type-post","3":"status-publish","4":"format-standard","6":"category-brasil"},"_links":{"self":[{"href":"https:\/\/migracao.redenoticia.com.br\/noticia\/wp-json\/wp\/v2\/posts\/3152","targetHints":{"allow":["GET"]}}],"collection":[{"href":"https:\/\/migracao.redenoticia.com.br\/noticia\/wp-json\/wp\/v2\/posts"}],"about":[{"href":"https:\/\/migracao.redenoticia.com.br\/noticia\/wp-json\/wp\/v2\/types\/post"}],"author":[{"embeddable":true,"href":"https:\/\/migracao.redenoticia.com.br\/noticia\/wp-json\/wp\/v2\/users\/2"}],"replies":[{"embeddable":true,"href":"https:\/\/migracao.redenoticia.com.br\/noticia\/wp-json\/wp\/v2\/comments?post=3152"}],"version-history":[{"count":0,"href":"https:\/\/migracao.redenoticia.com.br\/noticia\/wp-json\/wp\/v2\/posts\/3152\/revisions"}],"wp:attachment":[{"href":"https:\/\/migracao.redenoticia.com.br\/noticia\/wp-json\/wp\/v2\/media?parent=3152"}],"wp:term":[{"taxonomy":"category","embeddable":true,"href":"https:\/\/migracao.redenoticia.com.br\/noticia\/wp-json\/wp\/v2\/categories?post=3152"},{"taxonomy":"post_tag","embeddable":true,"href":"https:\/\/migracao.redenoticia.com.br\/noticia\/wp-json\/wp\/v2\/tags?post=3152"}],"curies":[{"name":"wp","href":"https:\/\/api.w.org\/{rel}","templated":true}]}}