{"id":31551,"date":"2010-09-20T14:45:40","date_gmt":"2010-09-20T18:45:40","guid":{"rendered":"http:\/\/www.redenoticia.com.br\/noticia\/?p=31551"},"modified":"2010-09-20T14:45:40","modified_gmt":"2010-09-20T18:45:40","slug":"dia-mundial-da-prevencao-da-gravidez-na-adolescencia","status":"publish","type":"post","link":"https:\/\/migracao.redenoticia.com.br\/noticia\/2010\/dia-mundial-da-prevencao-da-gravidez-na-adolescencia\/31551","title":{"rendered":"Dia Mundial da Preven\u00e7\u00e3o da Gravidez na Adolesc\u00eancia"},"content":{"rendered":"<p>No mundo, um ter\u00e7o das 205 milh\u00f5es de gravidezes ocorridas a cada ano n\u00e3o s\u00e3o  planejadas. No Brasil, 15,9 anos \u00e9 a idade m\u00e9dia da popula\u00e7\u00e3o feminina para a  ocorr\u00eancia de gravidez, segundo pesquisa do Minist\u00e9rio da Sa\u00fade.\u00a0Pelo quarto ano consecutivo, mais de 70 pa\u00edses da Europa, \u00c1sia e Am\u00e9rica  Latina, participam do Dia Mundial da <strong><em>Preven\u00e7\u00e3o da Gravidez na Adolesc\u00eancia<\/em><\/strong> 2010  (26 de setembro) que este ano tem como tema \u201cSua Vida Sua Responsabilidade\u201d. A  data \u00e9 promovida por organiza\u00e7\u00f5es n\u00e3o-governamentais e sociedades m\u00e9dicas  internacionais com apoio mundial da Bayer Schering Pharma. O site da campanha \u00e9  www.vivasuavida.com.br.<\/p>\n<p>A gravidez na adolesc\u00eancia gera impacto f\u00edsico, emocional, familiar e social.  De acordo com um levantamento da Organiza\u00e7\u00e3o das Na\u00e7\u00f5es Unidas, um ter\u00e7o das 205  milh\u00f5es de gravidezes ocorridas a cada ano n\u00e3o s\u00e3o planejadas. Segundo dados da  Organiza\u00e7\u00e3o Pan-Americana da Sa\u00fade (OPAS), a Am\u00e9rica Latina registra anualmente  54 mil nascimentos com m\u00e3es menores de 15 anos e 2 milh\u00f5es com idades entre 15 e  19 anos. J\u00e1 no Brasil, estudo do Minist\u00e9rio da Sa\u00fade revela que 15,9 anos \u00e9 a  idade m\u00e9dia da popula\u00e7\u00e3o feminina para a ocorr\u00eancia de gravidez. \u201cO acesso aos  m\u00e9todos contraceptivos e as a\u00e7\u00f5es de educa\u00e7\u00e3o podem impactar na queda do n\u00famero  de partos em adolescentes, pois os jovens aceitam bem as informa\u00e7\u00f5es vindas de  orientadores, professores e m\u00e9dicos\u201d, explica a Dra. Ar\u00edcia Giribela, doutora  pela Universidade de S\u00e3o Paulo e membro da Comiss\u00e3o de Anticoncep\u00e7\u00e3o da  FEBRASGO.<\/p>\n<p>A campanha ser\u00e1 promovida, no Brasil entre os dias 22 e 28 de setembro,  quando adolescentes de diversas cidades participar\u00e3o de palestras e a\u00e7\u00f5es  educativas com o objetivo de receber orienta\u00e7\u00f5es sobre a sa\u00fade sexual e  reprodutiva, al\u00e9m de conhecer as suas responsabilidades para a preven\u00e7\u00e3o da  gravidez n\u00e3o planejada. \u201cO jovem que participa de a\u00e7\u00f5es educativas se prepara  antes de iniciar a vida sexual, pois recebe orienta\u00e7\u00f5es para se proteger contra  a gravidez n\u00e3o planejada e doen\u00e7as sexualmente transmiss\u00edveis\u201d, afirma a Dra.  Ar\u00edcia Giribela.<\/p>\n<p>Uma pesquisa realizada pela Bayer Schering Pharma com mais de 5 mil  adolescentes de 25 pa\u00edses da \u00c1sia, Europa, Am\u00e9rica do Norte e Am\u00e9rica Latina,  incluindo o Brasil, revela que 60% das adolescentes do sexo feminino e 55% do  sexo masculino consideram que falar com sua parceira sobre contracep\u00e7\u00e3o seja um  tema \u201cdif\u00edcil\u201d. Na Am\u00e9rica Latina, apesar de 32% dos jovens classificarem o  m\u00e9todo contraceptivo como a parte mais importante da rela\u00e7\u00e3o sexual, 56% admitem  terem tido rela\u00e7\u00f5es com uma nova parceira sem o uso de anticonceptivos. Diante  deste cen\u00e1rio, o Dia Mundial da Preven\u00e7\u00e3o da Gravidez na Adolesc\u00eancia promove  a\u00e7\u00f5es educativas com o objetivo de enfatizar a import\u00e2ncia dos jovens conhecerem  a sua responsabilidade na preven\u00e7\u00e3o da gravidez n\u00e3o planejada, al\u00e9m de se  proteger de doen\u00e7as sexualmente transmiss\u00edveis.<\/p>\n<p>A Campanha<\/p>\n<p>O Dia Mundial da Preven\u00e7\u00e3o da Gravidez na Adolesc\u00eancia 2010 acontece pelo  quarto ano em mais de 70 pa\u00edses da Europa, \u00c1sia e Am\u00e9rica Latina. Patrocinada  mundialmente pela Bayer Schering Pharma, a campanha \u00e9 realizada pela ag\u00eancia  global de sa\u00fade reprodutiva e sexual, Marie Stopes International (MSI),  Organiza\u00e7\u00e3o Pan-Americana da Sa\u00fade e da Educa\u00e7\u00e3o (PAHEF), Federa\u00e7\u00e3o  Internacional de Paternidade Planejada (IPPF), o Population Council, a Sociedade  Europeia de Contracep\u00e7\u00e3o (ESC), Federa\u00e7\u00e3o Internacional de Ginecologia Infantil  e Juvenil (FIGIJ), o Conselho sobre Contracep\u00e7\u00e3o \u00c1sia\/Pac\u00edfico (APCOC), o Centro  Latino-Americano de Sa\u00fade e Mulher (CELSAM) e a Ag\u00eancia dos Estados Unidos para  o Desenvolvimento Internacional (USAID). No Brasil, a iniciativa conta com o  apoio da FEBRASGO (Federa\u00e7\u00e3o Brasileira das Associa\u00e7\u00f5es de Ginecologia e  Obstetr\u00edcia) e do Canal Futura. Tamb\u00e9m participam das a\u00e7\u00f5es a cineasta Sandra  Werneck, diretora do longa-metragem \u201cSonhos Roubados\u201d \u2013 que aborda o impacto da  exclus\u00e3o social na vida de crian\u00e7as e adolescentes, com foco na quest\u00e3o da  sexualidade &#8211; e do autor Marcos Ribeiro, coordenador do Centro de Orienta\u00e7\u00e3o e  Educa\u00e7\u00e3o Sexual (CORES). Mais informa\u00e7\u00f5es nos sites www.vivasuavida.com.br,  www.your-life.com, www.celsam.org e www.programa-ato.com.br.<\/p>\n<p>A\u00e7\u00f5es de conscientiza\u00e7\u00e3o<\/p>\n<p>23\/09 (quinta-feira)<\/p>\n<p>A\u00e7\u00f5es de conscientiza\u00e7\u00e3o com distribui\u00e7\u00e3o de folhetos informativos em frente  a escolas, universidades, esta\u00e7\u00f5es de metr\u00f4 e principais pontos das cidades de  S\u00e3o Paulo, Rio de Janeiro, Belo Horizonte (MG) e Curitiba (PR). Em S\u00e3o Paulo,  apresenta\u00e7\u00e3o de grupo teatral e revoada de 3 mil bexigas na Avenida Paulista, as  14h00.<\/p>\n<p>Hor\u00e1rio: 7h as 14h<\/p>\n<p>\u00b7 S\u00e3o Paulo<\/p>\n<p>22\/09 (quarta-feira)<\/p>\n<p>Instituto Tecnol\u00f3gico de Barueri<\/p>\n<p>Estrada Velha de Itapevi, 2679<\/p>\n<p>Jd. Silvestre &#8211; Barueri<\/p>\n<p>Hor\u00e1rio: 13h20<\/p>\n<p>24\/09 (sexta-feira)<\/p>\n<p>Escola Estadual Dom Duarte<\/p>\n<p>Av. De Pinedo, 57 \u2013 Socorro<\/p>\n<p>Hor\u00e1rios: 8h, 10h e 14h<\/p>\n<p>\u00b7 Jundia\u00ed (SP)<\/p>\n<p>22\/09 (quarta-feira)<\/p>\n<p>Escola Divina Provid\u00eancia<\/p>\n<p>Av. Prof. Pedro Clarismundo Fornari, 2001 &#8211; Engordadouro<\/p>\n<p>Hor\u00e1rio: 9h<\/p>\n<p>\u00b7 Sorocaba (SP)<\/p>\n<p>26\/09 (domingo)<\/p>\n<p>A\u00e7\u00e3o de conscientiza\u00e7\u00e3o no Parque das \u00c1guas com distribui\u00e7\u00e3o de folhetos  informativos, brindes e revoada de bexigas<\/p>\n<p>Hor\u00e1rio: Revoada de bexigas \u2013 10h30<\/p>\n<p>\u00b7 Rio de Janeiro<\/p>\n<p>28\/09 (ter\u00e7a-feira)<\/p>\n<p>Col\u00e9gio Rid\u00e1via Corr\u00eaa<\/p>\n<p>Palestra com o autor Marcos Ribeiro e a cineasta Sandra Werneck. Haver\u00e1  exibi\u00e7\u00e3o de trechos do filme \u201cSonhos Roubados\u201d<\/p>\n<p>Av. Presidente Vargas, 1314 &#8211; Centro<\/p>\n<p>Hor\u00e1rio: 10h<\/p>\n<p>\u00b7 Duque de Caxias (RJ)<\/p>\n<p>21\/09 (ter\u00e7a-feira)<\/p>\n<p>Col\u00e9gio Curso Flama Unidade K2<\/p>\n<p>Av. Presidente Kennedy, 1804 , Centro &#8211; Duque de Caxias RJ<\/p>\n<p>Hor\u00e1rios: 10h30 e 13h30<\/p>\n<p>22\/09 (quarta-feira)<\/p>\n<p>Instituto de Educa\u00e7\u00e3o Governador Roberto Silveira<\/p>\n<p>Rua General Mitre, 587 &#8211; Vinte e Cinco de Agosto<\/p>\n<p>Hor\u00e1rios: 10h30 e 13h30<\/p>\n<p>24\/09 (sexta-feira)<\/p>\n<p>Instituto de Educa\u00e7\u00e3o Governador Roberto Silveira<\/p>\n<p>Rua General Mitre, 587 &#8211; Vinte e Cinco de Agosto<\/p>\n<p>Hor\u00e1rios: 10h30 e 13h30<\/p>\n","protected":false},"excerpt":{"rendered":"<p>No mundo, um ter\u00e7o das 205 milh\u00f5es de gravidezes ocorridas a cada ano n\u00e3o s\u00e3o planejadas. No Brasil, 15,9 anos \u00e9 a idade m\u00e9dia da popula\u00e7\u00e3o feminina para a ocorr\u00eancia de gravidez, segundo pesquisa do Minist\u00e9rio da Sa\u00fade.\u00a0Pelo quarto ano consecutivo, mais de 70 pa\u00edses da Europa, \u00c1sia e Am\u00e9rica Latina, participam do Dia Mundial [&hellip;]<\/p>\n","protected":false},"author":3,"featured_media":0,"comment_status":"open","ping_status":"open","sticky":false,"template":"","format":"standard","meta":{"tdm_status":"","tdm_grid_status":"","footnotes":""},"categories":[22,5],"tags":[],"class_list":{"0":"post-31551","1":"post","2":"type-post","3":"status-publish","4":"format-standard","6":"category-brasil","7":"category-saude-e-vida"},"_links":{"self":[{"href":"https:\/\/migracao.redenoticia.com.br\/noticia\/wp-json\/wp\/v2\/posts\/31551","targetHints":{"allow":["GET"]}}],"collection":[{"href":"https:\/\/migracao.redenoticia.com.br\/noticia\/wp-json\/wp\/v2\/posts"}],"about":[{"href":"https:\/\/migracao.redenoticia.com.br\/noticia\/wp-json\/wp\/v2\/types\/post"}],"author":[{"embeddable":true,"href":"https:\/\/migracao.redenoticia.com.br\/noticia\/wp-json\/wp\/v2\/users\/3"}],"replies":[{"embeddable":true,"href":"https:\/\/migracao.redenoticia.com.br\/noticia\/wp-json\/wp\/v2\/comments?post=31551"}],"version-history":[{"count":0,"href":"https:\/\/migracao.redenoticia.com.br\/noticia\/wp-json\/wp\/v2\/posts\/31551\/revisions"}],"wp:attachment":[{"href":"https:\/\/migracao.redenoticia.com.br\/noticia\/wp-json\/wp\/v2\/media?parent=31551"}],"wp:term":[{"taxonomy":"category","embeddable":true,"href":"https:\/\/migracao.redenoticia.com.br\/noticia\/wp-json\/wp\/v2\/categories?post=31551"},{"taxonomy":"post_tag","embeddable":true,"href":"https:\/\/migracao.redenoticia.com.br\/noticia\/wp-json\/wp\/v2\/tags?post=31551"}],"curies":[{"name":"wp","href":"https:\/\/api.w.org\/{rel}","templated":true}]}}