{"id":31564,"date":"2010-09-21T12:18:33","date_gmt":"2010-09-21T16:18:33","guid":{"rendered":"http:\/\/www.redenoticia.com.br\/noticia\/?p=31564"},"modified":"2010-09-21T12:18:33","modified_gmt":"2010-09-21T16:18:33","slug":"mais-de-meio-milhao-de-trabalhadores-estao-formalizados","status":"publish","type":"post","link":"https:\/\/migracao.redenoticia.com.br\/noticia\/2010\/mais-de-meio-milhao-de-trabalhadores-estao-formalizados\/31564","title":{"rendered":"Mais de meio milh\u00e3o de trabalhadores est\u00e3o formalizados"},"content":{"rendered":"<p>Mais de 530 mil brasileiros j\u00e1 formalizaram sua atividade aderindo ao Programa do <strong><em>Empreendedor Individual<\/em><\/strong>. Criado pelos minist\u00e9rios do Desenvolvimento, Ind\u00fastria e Com\u00e9rcio (MDIC), da Previd\u00eancia Social (MPS) e da Fazenda, por meio da Receita Federal do Brasil (RFB), o programa estimula a legaliza\u00e7\u00e3o das atividades de homens e mulheres que trabalham por conta pr\u00f3pria no com\u00e9rcio, na ind\u00fastria e no setor de servi\u00e7os e t\u00eam renda bruta anual de at\u00e9 R$ 36 mil.<br \/>\nDe acordo com o Simples Nacional, regime tribut\u00e1rio ao qual o Empreendedor Individual est\u00e1 vinculado, foram formalizados 537.361 brasileiros at\u00e9 o dia 19 de setembro. S\u00e3o Paulo \u00e9 o estado com o maior n\u00famero de ades\u00f5es com 116.099 empreendedores individuais, seguido do Rio de Janeiro (70.650), Minas Gerais (55.314), Bahia (40.343), Rio Grande do Sul (31.696) e Paran\u00e1 (31.111).<\/p>\n<p>\u201cO objetivo do governo federal \u00e9 ampliar a cobertura previdenci\u00e1ria e trazer para o mundo da legalidade a maior quantidade poss\u00edvel de trabalhadores, estendendo a prote\u00e7ao social a milhares de cidad\u00e3os\u201d, diz o ministro da Previd\u00eancia Social, Carlos Eduardo Gabas.<\/p>\n<p>Formalizado, o trabalhador passa a ter direito \u00e0 prote\u00e7\u00e3o da Previd\u00eancia Social com benef\u00edcios com car\u00eancias que variam de 10 meses a 180 meses: aposentadoria por idade (180 contribui\u00e7\u00f5es mensais), aposentadoria por invalidez (12 contribui\u00e7\u00f5es mensais), sal\u00e1rio-maternidade (10 contribui\u00e7\u00f5es mensais), pens\u00e3o por morte (ap\u00f3s a primeira contribui\u00e7\u00e3o) e aux\u00edlio-reclus\u00e3o (ap\u00f3s a primeira contribui\u00e7\u00e3o).<\/p>\n<p>Al\u00e9m dos benef\u00edcios da Previd\u00eancia Social, o empreendedor individual, como pessoa jur\u00eddica, pode ter acesso a juros diferenciados na rede banc\u00e1ria, obter prefer\u00eancia na venda de produtos e servi\u00e7os em cons\u00f3rcio de compras do governo e de licita\u00e7\u00f5es para venda de seus produtos ou servi\u00e7os.<\/p>\n<p>Os empreendedores individuais t\u00eam imposto zero para o governo federal e pagam apenas R$ 1 de ICMS, se for do com\u00e9rcio e da ind\u00fastria, ou R$ 5 de ISS, caso atue no setor de servi\u00e7o, al\u00e9m da contribui\u00e7\u00e3o previdenci\u00e1ria de R$ 56,10 (11% sobre o sal\u00e1rio m\u00ednimo). Com isso, o maior custo do empreendedor individual \u00e9 de R$ 62,10, para aqueles que t\u00eam atividade mista, de com\u00e9rcio, ind\u00fastria e presta\u00e7\u00e3o de servi\u00e7o.<\/p>\n<p>Para se formalizar, basta acessar o Portal do Empreendedor (<a href=\"http:\/\/www.portaldoempreendedor.gov.br\" target=\"_blank\">www.portaldoempreendedor.gov.br<\/a>) e preencher os dados pessoais. A inscri\u00e7\u00e3o \u00e9 gratuita.<\/p>\n<p>ACS\/MPS<\/p>\n","protected":false},"excerpt":{"rendered":"<p>Mais de 530 mil brasileiros j\u00e1 formalizaram sua atividade aderindo ao Programa do Empreendedor Individual. Criado pelos minist\u00e9rios do Desenvolvimento, Ind\u00fastria e Com\u00e9rcio (MDIC), da Previd\u00eancia Social (MPS) e da Fazenda, por meio da Receita Federal do Brasil (RFB), o programa estimula a legaliza\u00e7\u00e3o das atividades de homens e mulheres que trabalham por conta pr\u00f3pria [&hellip;]<\/p>\n","protected":false},"author":3,"featured_media":0,"comment_status":"open","ping_status":"open","sticky":false,"template":"","format":"standard","meta":{"tdm_status":"","tdm_grid_status":"","footnotes":""},"categories":[22,7],"tags":[],"class_list":{"0":"post-31564","1":"post","2":"type-post","3":"status-publish","4":"format-standard","6":"category-brasil","7":"category-economia"},"_links":{"self":[{"href":"https:\/\/migracao.redenoticia.com.br\/noticia\/wp-json\/wp\/v2\/posts\/31564","targetHints":{"allow":["GET"]}}],"collection":[{"href":"https:\/\/migracao.redenoticia.com.br\/noticia\/wp-json\/wp\/v2\/posts"}],"about":[{"href":"https:\/\/migracao.redenoticia.com.br\/noticia\/wp-json\/wp\/v2\/types\/post"}],"author":[{"embeddable":true,"href":"https:\/\/migracao.redenoticia.com.br\/noticia\/wp-json\/wp\/v2\/users\/3"}],"replies":[{"embeddable":true,"href":"https:\/\/migracao.redenoticia.com.br\/noticia\/wp-json\/wp\/v2\/comments?post=31564"}],"version-history":[{"count":0,"href":"https:\/\/migracao.redenoticia.com.br\/noticia\/wp-json\/wp\/v2\/posts\/31564\/revisions"}],"wp:attachment":[{"href":"https:\/\/migracao.redenoticia.com.br\/noticia\/wp-json\/wp\/v2\/media?parent=31564"}],"wp:term":[{"taxonomy":"category","embeddable":true,"href":"https:\/\/migracao.redenoticia.com.br\/noticia\/wp-json\/wp\/v2\/categories?post=31564"},{"taxonomy":"post_tag","embeddable":true,"href":"https:\/\/migracao.redenoticia.com.br\/noticia\/wp-json\/wp\/v2\/tags?post=31564"}],"curies":[{"name":"wp","href":"https:\/\/api.w.org\/{rel}","templated":true}]}}