{"id":31572,"date":"2010-09-21T14:07:26","date_gmt":"2010-09-21T18:07:26","guid":{"rendered":"http:\/\/www.redenoticia.com.br\/noticia\/?p=31572"},"modified":"2010-09-21T14:07:26","modified_gmt":"2010-09-21T18:07:26","slug":"credito-pode-contribuir-com-o-crescimento-do-pib","status":"publish","type":"post","link":"https:\/\/migracao.redenoticia.com.br\/noticia\/2010\/credito-pode-contribuir-com-o-crescimento-do-pib\/31572","title":{"rendered":"Cr\u00e9dito pode contribuir com o crescimento do PIB"},"content":{"rendered":"<p><strong><em>Crescimento do PIB<\/em><\/strong> &#8211; a\u00a0pontualidade de pagamentos das micro e pequenas empresas atingiu, em agosto  deste ano, o maior n\u00edvel desde janeiro de 2006. Assim, a cada 1 mil pagamentos  realizados por esse tipo de empresa em agosto, 957 foram quitados \u00e0 vista ou com  atraso de no m\u00e1ximo sete dias, segundo dados da Serasa Experian, divulgados  nesta ter\u00e7a-feira, 21.<\/p>\n<p>De acordo com o professor do Departamento de Contabilidade Finan\u00e7as e  Controle da FGV-EAESP, Jos\u00e9 Pereira da Silva, n\u00e3o \u00e9 poss\u00edvel prever que esse  cen\u00e1rio de queda da inadimpl\u00eancia permane\u00e7a.<\/p>\n<p>\u201cA proje\u00e7\u00e3o da inadimpl\u00eancia n\u00e3o \u00e9 um exerc\u00edcio f\u00e1cil. Poderemos ter  devedores adimplentes no momento, que se tornar\u00e3o inadimplentes futuramente,  dependendo do seu grau de endividamento. Os fatores pol\u00edticos e econ\u00f4micos ser\u00e3o  determinantes. Para precaver essa alta dos \u00edndices de inadimpl\u00eancia, os bancos  utilizam o spread, diferen\u00e7a entre as taxas que os bancos pagam ao captar  dinheiro no mercado e o juro que cobram nos empr\u00e9stimos. No Brasil, o spread \u00e9  alto\u201d.<\/p>\n<p>O professor destaca ainda que o cr\u00e9dito pode contribuir para o crescimento do  PIB. \u201cH\u00e1 uma expectativa de crescimento do PIB da ordem de 7% e de que a  infla\u00e7\u00e3o fique em 5%. O cr\u00e9dito contribuir\u00e1 com o crescimento, por\u00e9m n\u00e3o tenho  expectativa de uma explos\u00e3o de cr\u00e9dito. Os \u00faltimos dados do BACEN mostram que em  julho deste ano, o cr\u00e9dito chegou a 45,9% do PIB. Por\u00e9m, pelo que temos  acompanhado, o BACEN vem monitorando seu crescimento e mantendo as taxas de  juros em n\u00edveis altos para evitar um poss\u00edvel crescimento da infla\u00e7\u00e3o, provocada  pelo aumento da demanda\u201d.<\/p>\n<p>Insight Engenharia de Comunica\u00e7\u00e3o \u2013 <a href=\"http:\/\/www.insightnet.com.br\/\" target=\"_blank\">www.insightnet.com.br<\/a><\/p>\n","protected":false},"excerpt":{"rendered":"<p>Crescimento do PIB &#8211; a\u00a0pontualidade de pagamentos das micro e pequenas empresas atingiu, em agosto deste ano, o maior n\u00edvel desde janeiro de 2006. Assim, a cada 1 mil pagamentos realizados por esse tipo de empresa em agosto, 957 foram quitados \u00e0 vista ou com atraso de no m\u00e1ximo sete dias, segundo dados da Serasa [&hellip;]<\/p>\n","protected":false},"author":3,"featured_media":0,"comment_status":"open","ping_status":"open","sticky":false,"template":"","format":"standard","meta":{"tdm_status":"","tdm_grid_status":"","footnotes":""},"categories":[22,7],"tags":[],"class_list":{"0":"post-31572","1":"post","2":"type-post","3":"status-publish","4":"format-standard","6":"category-brasil","7":"category-economia"},"_links":{"self":[{"href":"https:\/\/migracao.redenoticia.com.br\/noticia\/wp-json\/wp\/v2\/posts\/31572","targetHints":{"allow":["GET"]}}],"collection":[{"href":"https:\/\/migracao.redenoticia.com.br\/noticia\/wp-json\/wp\/v2\/posts"}],"about":[{"href":"https:\/\/migracao.redenoticia.com.br\/noticia\/wp-json\/wp\/v2\/types\/post"}],"author":[{"embeddable":true,"href":"https:\/\/migracao.redenoticia.com.br\/noticia\/wp-json\/wp\/v2\/users\/3"}],"replies":[{"embeddable":true,"href":"https:\/\/migracao.redenoticia.com.br\/noticia\/wp-json\/wp\/v2\/comments?post=31572"}],"version-history":[{"count":0,"href":"https:\/\/migracao.redenoticia.com.br\/noticia\/wp-json\/wp\/v2\/posts\/31572\/revisions"}],"wp:attachment":[{"href":"https:\/\/migracao.redenoticia.com.br\/noticia\/wp-json\/wp\/v2\/media?parent=31572"}],"wp:term":[{"taxonomy":"category","embeddable":true,"href":"https:\/\/migracao.redenoticia.com.br\/noticia\/wp-json\/wp\/v2\/categories?post=31572"},{"taxonomy":"post_tag","embeddable":true,"href":"https:\/\/migracao.redenoticia.com.br\/noticia\/wp-json\/wp\/v2\/tags?post=31572"}],"curies":[{"name":"wp","href":"https:\/\/api.w.org\/{rel}","templated":true}]}}