{"id":31586,"date":"2010-09-22T17:24:11","date_gmt":"2010-09-22T21:24:11","guid":{"rendered":"http:\/\/www.redenoticia.com.br\/noticia\/?p=31586"},"modified":"2010-09-22T17:24:11","modified_gmt":"2010-09-22T21:24:11","slug":"marcas-e-patentes-devem-movimentar-r-300-milhoes-em-2010","status":"publish","type":"post","link":"https:\/\/migracao.redenoticia.com.br\/noticia\/2010\/marcas-e-patentes-devem-movimentar-r-300-milhoes-em-2010\/31586","title":{"rendered":"Marcas e patentes devem movimentar R$ 300 milh\u00f5es em 2010"},"content":{"rendered":"<p>A <strong><em>marca<\/em><\/strong> \u00e9 o ativo mais valioso de uma empresa e, apesar de nem todos darem a  devida import\u00e2ncia a ela, este fato est\u00e1 mudando, como comprovam os n\u00fameros do  INPI (Instituto Nacional de Propriedade Industrial). Nos \u00faltimos cinco anos, os  pedidos no INPI tiveram um aumento m\u00e9dio de 50%, chegando, no primeiro semestre  deste ano, a mais de 25 mil novos pedidos de marcas e mais de 8.000 de patentes.  A estimativa \u00e9 que este mercado gere para o INPI, em 2010, R$ 300 milh\u00f5es.<\/p>\n<p>De acordo com o CEO da PatCorp, empresa especializada em registros de marcas  e patentes, Carlos E. Borghi Fernandes, este crescimento sofreu uma ligeira  queda no ano passado motivada pelos reflexos da crise econ\u00f4mica internacional,  mas as circunst\u00e2ncias, neste momento, sinalizam crescimento. \u201cEsse n\u00famero de  registros compreende registros nacionais e, sobretudo, internacionais, vindos da  Europa, China e de outros pa\u00edses asi\u00e1ticos. Em rela\u00e7\u00e3o \u00e0 regi\u00e3o metropolitana de  Campinas, a estimativa \u00e9 que sua participa\u00e7\u00e3o represente 12% deste mercado\u201d.<\/p>\n<p>Mas n\u00e3o \u00e9 apenas para a economia brasileira que esse mercado \u00e9 importante.  Para quem deseja ter o pr\u00f3prio neg\u00f3cio, \u00e9 essencial proteger o nome da empresa  ou requerer a patente de sua inven\u00e7\u00e3o. Sem estes registros, o empres\u00e1rio corre  grave risco de ver seu concorrente usar e registrar para si a marca ou postular  a patente do invento, tornando-se titular de um patrim\u00f4nio para o qual n\u00e3o  contribuiu, podendo, inclusive, impedir que o verdadeiro idealizador da marca ou  da patente venha a utiliz\u00e1-los.<\/p>\n<p>\u201cA prote\u00e7\u00e3o \u00e0s marcas e patentes \u00e9 essencial ao desenvolvimento cient\u00edfico e  tecnol\u00f3gico do pa\u00eds e fundamental para o empres\u00e1rio s\u00e9rio que deseja crescer de  maneira sustent\u00e1vel\u201d, explica Borghi. Ainda de acordo com ele, em muitos casos,  as falhas nos registros de marcas e patentes ocorrem devido \u00e0 falta de  informa\u00e7\u00e3o.<\/p>\n<p>Um erro grave cometido por empres\u00e1rios \u00e9 o de requerer o registro de qualquer  express\u00e3o sem os devidos cuidados. Al\u00e9m disso, muitos solicitam o registro da  marca ap\u00f3s a constitui\u00e7\u00e3o da empresa, sendo que a verifica\u00e7\u00e3o quanto \u00e0  disponibilidade da marca deve ser anterior a este ato.<\/p>\n<p>Um recente exemplo que d\u00e1 mostras de quanta aten\u00e7\u00e3o se deve dar ao assunto,  dentre in\u00fameros, \u00e9 o da General Motors, que lan\u00e7ou o carro Beretta, mesmo nome  de uma marca de armas existente desde 1526. A consequ\u00eancia foi uma multa de US$  50 mil, al\u00e9m de n\u00e3o poder mais fazer uso do nome. Esse mesmo caso, se fosse  analisado sob as leis norte-americanas ou at\u00e9 mesmo da Comunidade Europeia,  blocos que d\u00e3o, hoje, maior amplitude para fatos do g\u00eanero, seguramente, os  n\u00fameros para a empresa infratora, em termos de multa, seriam bem mais  substanciais.<\/p>\n<p>\u201cO site do INPI permite ao usu\u00e1rio que ele mesmo fa\u00e7a a pesquisa da marca que  pretende registrar. Muitas vezes, ao procurar por um nome, o relat\u00f3rio de busca  revela a exist\u00eancia de in\u00fameros outros, e o interessado desiste de requerer o  registro por falta de conhecimento t\u00e9cnico. Em algumas situa\u00e7\u00f5es, encontra uma  quantidade enorme de aparentes obst\u00e1culos, que, na verdade, poderiam ser  contornados, e em outras, encontra obst\u00e1culos intranspon\u00edveis no decorrer do  processo, o que lhe acaba resultando em preju\u00edzos, pois, muitas vezes, ele se  ver\u00e1 obrigado a deixar de usar a marca, al\u00e9m de incorrer em gastos com  contrata\u00e7\u00e3o de honor\u00e1rios de advogados. Isso quando n\u00e3o se destinarem ao  pagamento de multas em consequ\u00eancia de a\u00e7\u00f5es judiciais movidas pelos verdadeiros  titulares das marcas\u201d, finaliza Borghi.<\/p>\n<p>Sobre a PatCorp<\/p>\n<p>A PatCorp \u00e9 uma empresa especializada em registros de marcas e patentes,  formada por advogados dotados de reconhecida forma\u00e7\u00e3o na \u00e1rea da propriedade  industrial que se dedicam \u00e0 presta\u00e7\u00e3o de servi\u00e7os administrativos, legais e de  consultoria.<\/p>\n<p>A empresa, sediada em Campinas, atua junto a v\u00e1rias entidades corporativas,  oferecendo os mais diversos tipos de atendimento, como pedidos de registro de  marcas, pagamentos de taxas de manuten\u00e7\u00e3o e anuidades de patentes e renova\u00e7\u00f5es  de registros de marcas, contratos, desenhos industriais, avalia\u00e7\u00f5es de marcas e  softwares.<\/p>\n<p>Os atendimentos da PatCorp s\u00e3o administrados por sistemas operacionais  desenvolvidos por t\u00e9cnicos com larga experi\u00eancia no campo da propriedade  industrial. A pr\u00e1tica corporativa e comercial inclui, ainda, a an\u00e1lise e a  prepara\u00e7\u00e3o de todas as formas de acordos comerciais para aplica\u00e7\u00e3o no Brasil ou  no exterior.<\/p>\n","protected":false},"excerpt":{"rendered":"<p>A marca \u00e9 o ativo mais valioso de uma empresa e, apesar de nem todos darem a devida import\u00e2ncia a ela, este fato est\u00e1 mudando, como comprovam os n\u00fameros do INPI (Instituto Nacional de Propriedade Industrial). Nos \u00faltimos cinco anos, os pedidos no INPI tiveram um aumento m\u00e9dio de 50%, chegando, no primeiro semestre deste [&hellip;]<\/p>\n","protected":false},"author":3,"featured_media":0,"comment_status":"open","ping_status":"open","sticky":false,"template":"","format":"standard","meta":{"tdm_status":"","tdm_grid_status":"","footnotes":""},"categories":[22,7],"tags":[],"class_list":{"0":"post-31586","1":"post","2":"type-post","3":"status-publish","4":"format-standard","6":"category-brasil","7":"category-economia"},"_links":{"self":[{"href":"https:\/\/migracao.redenoticia.com.br\/noticia\/wp-json\/wp\/v2\/posts\/31586","targetHints":{"allow":["GET"]}}],"collection":[{"href":"https:\/\/migracao.redenoticia.com.br\/noticia\/wp-json\/wp\/v2\/posts"}],"about":[{"href":"https:\/\/migracao.redenoticia.com.br\/noticia\/wp-json\/wp\/v2\/types\/post"}],"author":[{"embeddable":true,"href":"https:\/\/migracao.redenoticia.com.br\/noticia\/wp-json\/wp\/v2\/users\/3"}],"replies":[{"embeddable":true,"href":"https:\/\/migracao.redenoticia.com.br\/noticia\/wp-json\/wp\/v2\/comments?post=31586"}],"version-history":[{"count":0,"href":"https:\/\/migracao.redenoticia.com.br\/noticia\/wp-json\/wp\/v2\/posts\/31586\/revisions"}],"wp:attachment":[{"href":"https:\/\/migracao.redenoticia.com.br\/noticia\/wp-json\/wp\/v2\/media?parent=31586"}],"wp:term":[{"taxonomy":"category","embeddable":true,"href":"https:\/\/migracao.redenoticia.com.br\/noticia\/wp-json\/wp\/v2\/categories?post=31586"},{"taxonomy":"post_tag","embeddable":true,"href":"https:\/\/migracao.redenoticia.com.br\/noticia\/wp-json\/wp\/v2\/tags?post=31586"}],"curies":[{"name":"wp","href":"https:\/\/api.w.org\/{rel}","templated":true}]}}