{"id":31588,"date":"2010-09-22T17:45:30","date_gmt":"2010-09-22T21:45:30","guid":{"rendered":"http:\/\/www.redenoticia.com.br\/noticia\/?p=31588"},"modified":"2010-09-22T17:45:30","modified_gmt":"2010-09-22T21:45:30","slug":"concurso-mtur-universa-inscricao-ate-4-de-outubro","status":"publish","type":"post","link":"https:\/\/migracao.redenoticia.com.br\/noticia\/2010\/concurso-mtur-universa-inscricao-ate-4-de-outubro\/31588","title":{"rendered":"Concurso Mtur Universa &#8211; inscri\u00e7\u00e3o at\u00e9 4 de outubro"},"content":{"rendered":"<p><strong><em><img loading=\"lazy\" decoding=\"async\" class=\"alignleft size-full wp-image-28954\" title=\"concurso publico\" src=\"https:\/\/migracao.redenoticia.com.br\/noticia\/imagens\/concurso-publico.jpg\" alt=\"\" width=\"300\" height=\"193\" srcset=\"https:\/\/migracao.redenoticia.com.br\/noticia\/imagens\/concurso-publico.jpg 300w, https:\/\/migracao.redenoticia.com.br\/noticia\/imagens\/concurso-publico-250x160.jpg 250w, https:\/\/migracao.redenoticia.com.br\/noticia\/imagens\/concurso-publico-150x96.jpg 150w\" sizes=\"auto, (max-width: 300px) 100vw, 300px\" \/>Concurso Mtur pela Universa<\/em><\/strong> &#8211; o Minist\u00e9rio do Turismo (MTur) prorrogou, nesta quarta-feira (22), o prazo de  inscri\u00e7\u00e3o para o concurso p\u00fablico. Os interessados em concorrer as 112  oportunidades para cargos de n\u00edveis m\u00e9dio e superior podem realizar a inscri\u00e7\u00e3o  at\u00e9 4 de outubro. O MTur definiu, ainda, nova data para as provas objetivas, que  ser\u00e3o realizadas no dia 5 de dezembro de 2010.<\/p>\n<p>At\u00e9 4 de outubro, as inscri\u00e7\u00f5es podem ser feitas por meio do endere\u00e7o  www.universa.org.br. Quem n\u00e3o tem acesso \u00e0 internet pode se inscrever na Central  de Atendimento ao Candidato da Funda\u00e7\u00e3o Universa \u2013 organizadora do concurso \u2013,  localizada na SGAN 609, m\u00f3dulo A, Asa Norte, Bras\u00edlia (DF). A taxa de inscri\u00e7\u00e3o  varia de R$ 35,00 a R$ 62,00.<\/p>\n<p>Os candidatos inscritos que n\u00e3o concordarem com a nova data de aplica\u00e7\u00e3o das  provas objetivas poder\u00e3o requerer a devolu\u00e7\u00e3o da taxa de inscri\u00e7\u00e3o na Central de  Atendimento ao Candidato da Funda\u00e7\u00e3o Universa ou por meio do endere\u00e7o  atendimento@universa.org.br. O pedido de devolu\u00e7\u00e3o da taxa deve ser feito, no  per\u00edodo de 22 a 29 de setembro de 2010, das 10 \u00e0s 17 horas, exceto s\u00e1bados,  domingos e feriados.<\/p>\n<p>Vagas<\/p>\n<p>Para o n\u00edvel m\u00e9dio, ser\u00e3o oferecidas 99 vagas de agente administrativo, com  remunera\u00e7\u00e3o de R$ 2.131,43. Para o n\u00edvel superior, os interessados poder\u00e3o  concorrer as vagas de administrador (7), contador (4) e engenheiro (2), com  sal\u00e1rios que variam de R$ 3.156,55 a R$ 4.834,22.<\/p>\n<p>Para acessar o edital, obter mais informa\u00e7\u00f5es ou realizar inscri\u00e7\u00f5es acesse  www.universa.org.br.<\/p>\n","protected":false},"excerpt":{"rendered":"<p>Concurso Mtur pela Universa &#8211; o Minist\u00e9rio do Turismo (MTur) prorrogou, nesta quarta-feira (22), o prazo de inscri\u00e7\u00e3o para o concurso p\u00fablico. Os interessados em concorrer as 112 oportunidades para cargos de n\u00edveis m\u00e9dio e superior podem realizar a inscri\u00e7\u00e3o at\u00e9 4 de outubro. O MTur definiu, ainda, nova data para as provas objetivas, que [&hellip;]<\/p>\n","protected":false},"author":3,"featured_media":28954,"comment_status":"open","ping_status":"open","sticky":false,"template":"","format":"standard","meta":{"tdm_status":"","tdm_grid_status":"","footnotes":""},"categories":[22,352,370],"tags":[],"class_list":{"0":"post-31588","1":"post","2":"type-post","3":"status-publish","4":"format-standard","5":"has-post-thumbnail","7":"category-brasil","8":"category-concursos","9":"category-inscricao"},"_links":{"self":[{"href":"https:\/\/migracao.redenoticia.com.br\/noticia\/wp-json\/wp\/v2\/posts\/31588","targetHints":{"allow":["GET"]}}],"collection":[{"href":"https:\/\/migracao.redenoticia.com.br\/noticia\/wp-json\/wp\/v2\/posts"}],"about":[{"href":"https:\/\/migracao.redenoticia.com.br\/noticia\/wp-json\/wp\/v2\/types\/post"}],"author":[{"embeddable":true,"href":"https:\/\/migracao.redenoticia.com.br\/noticia\/wp-json\/wp\/v2\/users\/3"}],"replies":[{"embeddable":true,"href":"https:\/\/migracao.redenoticia.com.br\/noticia\/wp-json\/wp\/v2\/comments?post=31588"}],"version-history":[{"count":0,"href":"https:\/\/migracao.redenoticia.com.br\/noticia\/wp-json\/wp\/v2\/posts\/31588\/revisions"}],"wp:featuredmedia":[{"embeddable":true,"href":"https:\/\/migracao.redenoticia.com.br\/noticia\/wp-json\/wp\/v2\/media\/28954"}],"wp:attachment":[{"href":"https:\/\/migracao.redenoticia.com.br\/noticia\/wp-json\/wp\/v2\/media?parent=31588"}],"wp:term":[{"taxonomy":"category","embeddable":true,"href":"https:\/\/migracao.redenoticia.com.br\/noticia\/wp-json\/wp\/v2\/categories?post=31588"},{"taxonomy":"post_tag","embeddable":true,"href":"https:\/\/migracao.redenoticia.com.br\/noticia\/wp-json\/wp\/v2\/tags?post=31588"}],"curies":[{"name":"wp","href":"https:\/\/api.w.org\/{rel}","templated":true}]}}