{"id":31594,"date":"2010-09-22T18:16:23","date_gmt":"2010-09-22T22:16:23","guid":{"rendered":"http:\/\/www.redenoticia.com.br\/noticia\/?p=31594"},"modified":"2010-09-22T18:16:23","modified_gmt":"2010-09-22T22:16:23","slug":"inscricao-no-festival-nacional-da-cancao-unicamp","status":"publish","type":"post","link":"https:\/\/migracao.redenoticia.com.br\/noticia\/2010\/inscricao-no-festival-nacional-da-cancao-unicamp\/31594","title":{"rendered":"Inscri\u00e7\u00e3o no Festival Nacional da Can\u00e7\u00e3o Unicamp"},"content":{"rendered":"<div>\n<h3><span style=\"font-weight: normal; font-size: 13px;\">O 1\u00ba <\/span><span style=\"font-size: 13px;\"><em>Festival da Can\u00e7\u00e3o da Unicamp<\/em><\/span><span style=\"font-weight: normal; font-size: 13px;\"> ser\u00e1 realizado de  13 a 15 de outubro pelo Departamento de M\u00fasica do Instituto de Artes da  Universidade Estadual de Campinas. As inscri\u00e7\u00f5es terminam em 3 de outubro e cada  participante pode inscrever at\u00e9 tr\u00eas obras in\u00e9ditas.<\/span><\/h3>\n<\/div>\n<div>\n<p>Na categoria individual, o participante deve ser estudante universit\u00e1rio. No  caso de grupos, pelo menos 30% da equipe deve ser composta por  universit\u00e1rios.<\/p>\n<p>O festival \u00e9 apoiado pela Secretaria Estadual de Cultura de S\u00e3o Paulo, por  meio do Programa A\u00e7\u00e3o Cultural 2009, e procura desenvolver a cultura musical no  meio universit\u00e1rio, revelar novos talentos nacionais e promover o interc\u00e2mbio  art\u00edstico-cultural.<\/p>\n<p>As cinco melhores can\u00e7\u00f5es classificadas receber\u00e3o como pr\u00eamio a grava\u00e7\u00e3o de  um CD com direito a 500 c\u00f3pias por ganhador.<\/p>\n<p>Durante os tr\u00eas dias do evento haver\u00e1 palestras e mesas-redondas com  convidados como o maestro J\u00falio Medaglia, o cantor Jair Rodrigues, o cr\u00edtico de  m\u00fasica Zuza Homem de Mello, o produtor musical Solano Ribeiro e o m\u00fasico e  professor da Universidade de S\u00e3o Paulo Luiz Tatit.<\/p>\n<p>O festival ser\u00e1 no Centro de Conven\u00e7\u00f5es da Unicamp.<\/p>\n<p>Mais informa\u00e7\u00f5es: <strong><a href=\"http:\/\/www.festivaldacancaounicamp.com.br\/index.html\" target=\"_blank\">www.festivaldacancaounicamp.com.br<\/a><\/strong>, <strong><a href=\"mailto: contato@festivaldacancao.com.br\">contato@festivaldacancao.com.br<\/a><\/strong> ou (19) 9774-5603 e (11) 9970-1010.<\/p>\n<h3><span style=\"font-weight: normal;\">Ag\u00eancia FAPESP<\/span><\/h3>\n<\/div>\n","protected":false},"excerpt":{"rendered":"<p>O 1\u00ba Festival da Can\u00e7\u00e3o da Unicamp ser\u00e1 realizado de 13 a 15 de outubro pelo Departamento de M\u00fasica do Instituto de Artes da Universidade Estadual de Campinas. As inscri\u00e7\u00f5es terminam em 3 de outubro e cada participante pode inscrever at\u00e9 tr\u00eas obras in\u00e9ditas. Na categoria individual, o participante deve ser estudante universit\u00e1rio. No caso [&hellip;]<\/p>\n","protected":false},"author":3,"featured_media":0,"comment_status":"open","ping_status":"open","sticky":false,"template":"","format":"standard","meta":{"tdm_status":"","tdm_grid_status":"","footnotes":""},"categories":[22],"tags":[],"class_list":{"0":"post-31594","1":"post","2":"type-post","3":"status-publish","4":"format-standard","6":"category-brasil"},"_links":{"self":[{"href":"https:\/\/migracao.redenoticia.com.br\/noticia\/wp-json\/wp\/v2\/posts\/31594","targetHints":{"allow":["GET"]}}],"collection":[{"href":"https:\/\/migracao.redenoticia.com.br\/noticia\/wp-json\/wp\/v2\/posts"}],"about":[{"href":"https:\/\/migracao.redenoticia.com.br\/noticia\/wp-json\/wp\/v2\/types\/post"}],"author":[{"embeddable":true,"href":"https:\/\/migracao.redenoticia.com.br\/noticia\/wp-json\/wp\/v2\/users\/3"}],"replies":[{"embeddable":true,"href":"https:\/\/migracao.redenoticia.com.br\/noticia\/wp-json\/wp\/v2\/comments?post=31594"}],"version-history":[{"count":0,"href":"https:\/\/migracao.redenoticia.com.br\/noticia\/wp-json\/wp\/v2\/posts\/31594\/revisions"}],"wp:attachment":[{"href":"https:\/\/migracao.redenoticia.com.br\/noticia\/wp-json\/wp\/v2\/media?parent=31594"}],"wp:term":[{"taxonomy":"category","embeddable":true,"href":"https:\/\/migracao.redenoticia.com.br\/noticia\/wp-json\/wp\/v2\/categories?post=31594"},{"taxonomy":"post_tag","embeddable":true,"href":"https:\/\/migracao.redenoticia.com.br\/noticia\/wp-json\/wp\/v2\/tags?post=31594"}],"curies":[{"name":"wp","href":"https:\/\/api.w.org\/{rel}","templated":true}]}}