{"id":3178,"date":"2009-06-19T08:46:37","date_gmt":"2009-06-19T12:46:37","guid":{"rendered":"http:\/\/www.redenoticia.com.br\/noticia\/?p=3178"},"modified":"2009-06-19T12:30:10","modified_gmt":"2009-06-19T16:30:10","slug":"1%c2%aa-noite-country-gospel-em-ji-parana","status":"publish","type":"post","link":"https:\/\/migracao.redenoticia.com.br\/noticia\/2009\/1%c2%aa-noite-country-gospel-em-ji-parana\/3178","title":{"rendered":"1\u00aa Noite Country Gospel em Ji-Paran\u00e1"},"content":{"rendered":"<p style=\"margin-top: 0cm; margin-right: 0cm; margin-bottom: 0pt; margin-left: 0cm;\"><span style=\"font-family: Arial;\"><span style=\"font-size: small;\">Realizou-se nesta quinta-feira, dia 18 de Junho, a 1\u00aa Noite Country Gospel na escola Cora Coralina, em Ji-Paran\u00e1. A festa foi organizada por Valquires Dutra de Souza e o Grupo de Eventos da Primeira Igreja Presbiteriana Renovada. A decora\u00e7\u00e3o da festa estava tipicamente country, assim como os trajes de quem participou da festa.<\/span><\/span><\/p>\n<p style=\"margin-top: 0cm; margin-right: 0cm; margin-bottom: 0pt; margin-left: 0cm;\"><span style=\"font-family: Arial;\"><span style=\"font-size: small;\"> <\/span><\/span><\/p>\n<p style=\"margin-top: 0cm; margin-right: 0cm; margin-bottom: 0pt; margin-left: 0cm;\"><span style=\"font-family: Arial;\"><span style=\"font-size: small;\">Segundo a organizadora do evento, Valquires Dutra a id\u00e9ia foi fazer uma noite Country Gospel\u00a0<span> <\/span>aproveitando o clima da expojipa e se adequando ao costume de quem \u00e9 evang\u00e9lico e tamb\u00e9m em comemora\u00e7\u00e3o ao Dia do Evang\u00e9lico, \u201c por ser a primeira festa, espero que as pessoas compare\u00e7am e prestigiem\u201d frisou. Atra\u00e7\u00f5es como, toque de berrante, coreografias country, prova de la\u00e7o, desfiles de cowboys e cowgirls, fizeram com que o p\u00fablico infantil, jovem e at\u00e9 mesmo o p\u00fablico adulto se divertisse e interagisse muito.<\/span><\/span><\/p>\n<p style=\"margin-top: 0cm; margin-right: 0cm; margin-bottom: 0pt; margin-left: 0cm;\"><span style=\"font-family: Arial;\"><span style=\"font-size: small;\"> <\/span><\/span><\/p>\n<p style=\"margin-top: 0cm; margin-right: 0cm; margin-bottom: 0pt; margin-left: 0cm;\"><span style=\"font-family: Arial;\"><span style=\"font-size: small;\">Se apresentaram na festa, o Grupo de coreografia e arte Shaire da Primeira Igreja Presbiteriana Renovada, o Grupo de Coreografia e arte Brasa Viva no Altar da Igreja Batista Shallon, a dupla Ronaldo e Romildo, entre outros. A renda arrecada ser\u00e1 em prol do minist\u00e9rio de arte e coreografia da Primeira Igreja Presbiteriana Renovada.<\/span><\/span><\/p>\n<p style=\"margin-top: 0cm; margin-right: 0cm; margin-bottom: 0pt; margin-left: 0cm;\"><span style=\"font-family: Arial;\"><span style=\"font-size: small;\"> <\/span><\/span><\/p>\n<p style=\"margin-top: 0cm; margin-right: 0cm; margin-bottom: 0pt; margin-left: 0cm;\"><span style=\"font-family: Arial;\"><span style=\"font-size: small;\"> <\/span><\/span><\/p>\n<p style=\"margin-top: 0cm; margin-right: 0cm; margin-bottom: 0pt; margin-left: 0cm;\"><span style=\"font-family: Arial;\"><span style=\"font-size: small;\">Andressa Damiana<\/span><\/span><\/p>\n<p style=\"margin-top: 0cm; margin-right: 0cm; margin-bottom: 0pt; margin-left: 0cm;\"><span style=\"font-family: Arial;\"><span style=\"font-size: small;\"> <\/span><\/span><\/p>\n<p style=\"margin-top: 0cm; margin-right: 0cm; margin-bottom: 0pt; margin-left: 0cm;\"><span style=\"font-family: Arial;\"><span style=\"font-size: small;\">Aluna Rep\u00f3rter<\/span><\/span><\/p>\n","protected":false},"excerpt":{"rendered":"<p>Realizou-se nesta quinta-feira, dia 18 de Junho, a 1\u00aa Noite Country Gospel na escola Cora Coralina, em Ji-Paran\u00e1. A festa foi organizada por Valquires Dutra de Souza e o Grupo de Eventos da Primeira Igreja Presbiteriana Renovada. A decora\u00e7\u00e3o da festa estava tipicamente country, assim como os trajes de quem participou da festa. Segundo a [&hellip;]<\/p>\n","protected":false},"author":2,"featured_media":0,"comment_status":"open","ping_status":"open","sticky":false,"template":"","format":"standard","meta":{"tdm_status":"","tdm_grid_status":"","footnotes":""},"categories":[22],"tags":[],"class_list":{"0":"post-3178","1":"post","2":"type-post","3":"status-publish","4":"format-standard","6":"category-brasil"},"_links":{"self":[{"href":"https:\/\/migracao.redenoticia.com.br\/noticia\/wp-json\/wp\/v2\/posts\/3178","targetHints":{"allow":["GET"]}}],"collection":[{"href":"https:\/\/migracao.redenoticia.com.br\/noticia\/wp-json\/wp\/v2\/posts"}],"about":[{"href":"https:\/\/migracao.redenoticia.com.br\/noticia\/wp-json\/wp\/v2\/types\/post"}],"author":[{"embeddable":true,"href":"https:\/\/migracao.redenoticia.com.br\/noticia\/wp-json\/wp\/v2\/users\/2"}],"replies":[{"embeddable":true,"href":"https:\/\/migracao.redenoticia.com.br\/noticia\/wp-json\/wp\/v2\/comments?post=3178"}],"version-history":[{"count":0,"href":"https:\/\/migracao.redenoticia.com.br\/noticia\/wp-json\/wp\/v2\/posts\/3178\/revisions"}],"wp:attachment":[{"href":"https:\/\/migracao.redenoticia.com.br\/noticia\/wp-json\/wp\/v2\/media?parent=3178"}],"wp:term":[{"taxonomy":"category","embeddable":true,"href":"https:\/\/migracao.redenoticia.com.br\/noticia\/wp-json\/wp\/v2\/categories?post=3178"},{"taxonomy":"post_tag","embeddable":true,"href":"https:\/\/migracao.redenoticia.com.br\/noticia\/wp-json\/wp\/v2\/tags?post=3178"}],"curies":[{"name":"wp","href":"https:\/\/api.w.org\/{rel}","templated":true}]}}