{"id":318,"date":"2009-04-09T23:34:00","date_gmt":"2009-04-10T03:34:00","guid":{"rendered":"http:\/\/www.redenoticia.com.br\/noticia\/?p=318"},"modified":"2009-04-11T09:42:13","modified_gmt":"2009-04-11T13:42:13","slug":"queda-na-concessao-de-seguro-desemprego-indica-reativacao-da-economia-segundo-ministro","status":"publish","type":"post","link":"https:\/\/migracao.redenoticia.com.br\/noticia\/2009\/queda-na-concessao-de-seguro-desemprego-indica-reativacao-da-economia-segundo-ministro\/318","title":{"rendered":"Queda na concess\u00e3o de seguro-desemprego indica reativa\u00e7\u00e3o da economia, segundo ministro"},"content":{"rendered":"<p style=\"MARGIN: 0cm 0cm 9pt; LINE-HEIGHT: 18pt\"><img loading=\"lazy\" decoding=\"async\" class=\"alignleft\" src=\"http:\/\/farm4.static.flickr.com\/3595\/3429102180_80dbfd7447_m.jpg\" alt=\"\" width=\"240\" height=\"164\" \/>Ao anunciar a redu\u00e7\u00e3o sucessiva no primeiro trimestre de 2009, fechado em mar\u00e7o, da concess\u00e3o do seguro-desemprego, o ministro do Trabalho e Emprego, Carlos Lupi, disse hoje (9), em entrevista coletiva, que isso indica a retomada da atividade econ\u00f4mica. Embora ainda n\u00e3o disponha dos n\u00fameros fechados do Cadastro Geral de Empregados e Desempregados (Caged) do m\u00eas de mar\u00e7o, o ministro afirmou que tudo indica que o pa\u00eds est\u00e1 voltando a crescer, conforme ele j\u00e1 tinha previsto, o que ser\u00e1 mostrado nos n\u00fameros do Caged, que v\u00e3o sair provavelmente na pr\u00f3xima semana. O seguro-desemprego contou em mar\u00e7o com 585.255 requerimentos, contra 597.811 em fevereiro e 727.723 em janeiro. No m\u00eas passado o custo foi de R$ 1,452 bilh\u00e3o, contra R$ 1,380 bilh\u00e3o em fevereiro e R$ 1,513 bilh\u00e3o em janeiro.<\/p>\n<p style=\"MARGIN: 0cm 0cm 9pt; LINE-HEIGHT: 18pt\">O n\u00famero de concess\u00f5es do m\u00eas passado tamb\u00e9m chegou a ser menor que o de mar\u00e7o de 2008, quando houve 594 mil pedidos.<\/p>\n<p style=\"MARGIN: 0cm 0cm 9pt; LINE-HEIGHT: 18pt\">No primeiro trimestre deste ano, cresceu significativamente a quantidade de requerimentos para obten\u00e7\u00e3o do Bolsa Qualifica\u00e7\u00e3o, benef\u00edcio negociado pelas centrais sindicais com as empresas que est\u00e3o em dificuldades.<\/p>\n<p style=\"MARGIN: 0cm 0cm 9pt; LINE-HEIGHT: 18pt\">Com o Bolsa Qualifica\u00e7\u00e3o, o trabalhador passa a receber de 1 a 1,5 sal\u00e1rio m\u00ednimo e, embora fique afastado do trabalho, continua com o v\u00ednculo empregat\u00edcio at\u00e9 a atividade da empresa se normalizar. Enquanto n\u00e3o est\u00e1 trabalhando, ele se inscreve em cursos de qualifica\u00e7\u00e3o profissional, tendo a chance de melhorar seu perfil profissional.<\/p>\n<p style=\"MARGIN: 0cm 0cm 9pt; LINE-HEIGHT: 18pt\">Neste ano, os n\u00fameros do Bolsa Qualifica\u00e7\u00e3o cresceram substancialmente em rela\u00e7\u00e3o aos tr\u00eas primeiros meses do ano passado. Enquanto em janeiro de 2008 o n\u00famero de requerimentos do benef\u00edcio foi de apenas 687, em janeiro deste ano, subiu para 4.372. Em fevereiro de 2008 foram 95 pedidos e em fevereiro passado, 3.093. J\u00e1 em mar\u00e7o de 2008, houve 136 requerimentos e, no m\u00eas passado, foram 1.851.<\/p>\n<p style=\"MARGIN: 0cm 0cm 0pt\">\u00a0<\/p>\n<p style=\"MARGIN: 0cm 0cm 12pt\">Louren\u00e7o Canuto <em>Rep\u00f3rter da Ag\u00eancia Brasil<\/em><\/p>\n","protected":false},"excerpt":{"rendered":"<p>Ao anunciar a redu\u00e7\u00e3o sucessiva no primeiro trimestre de 2009, fechado em mar\u00e7o, da concess\u00e3o do seguro-desemprego, o ministro do Trabalho e Emprego, Carlos Lupi, disse hoje (9), em entrevista coletiva, que isso indica a retomada da atividade econ\u00f4mica. Embora ainda n\u00e3o disponha dos n\u00fameros fechados do Cadastro Geral de Empregados e Desempregados (Caged) do [&hellip;]<\/p>\n","protected":false},"author":2,"featured_media":0,"comment_status":"open","ping_status":"open","sticky":false,"template":"","format":"standard","meta":{"tdm_status":"","tdm_grid_status":"","footnotes":""},"categories":[22,7],"tags":[],"class_list":{"0":"post-318","1":"post","2":"type-post","3":"status-publish","4":"format-standard","6":"category-brasil","7":"category-economia"},"_links":{"self":[{"href":"https:\/\/migracao.redenoticia.com.br\/noticia\/wp-json\/wp\/v2\/posts\/318","targetHints":{"allow":["GET"]}}],"collection":[{"href":"https:\/\/migracao.redenoticia.com.br\/noticia\/wp-json\/wp\/v2\/posts"}],"about":[{"href":"https:\/\/migracao.redenoticia.com.br\/noticia\/wp-json\/wp\/v2\/types\/post"}],"author":[{"embeddable":true,"href":"https:\/\/migracao.redenoticia.com.br\/noticia\/wp-json\/wp\/v2\/users\/2"}],"replies":[{"embeddable":true,"href":"https:\/\/migracao.redenoticia.com.br\/noticia\/wp-json\/wp\/v2\/comments?post=318"}],"version-history":[{"count":0,"href":"https:\/\/migracao.redenoticia.com.br\/noticia\/wp-json\/wp\/v2\/posts\/318\/revisions"}],"wp:attachment":[{"href":"https:\/\/migracao.redenoticia.com.br\/noticia\/wp-json\/wp\/v2\/media?parent=318"}],"wp:term":[{"taxonomy":"category","embeddable":true,"href":"https:\/\/migracao.redenoticia.com.br\/noticia\/wp-json\/wp\/v2\/categories?post=318"},{"taxonomy":"post_tag","embeddable":true,"href":"https:\/\/migracao.redenoticia.com.br\/noticia\/wp-json\/wp\/v2\/tags?post=318"}],"curies":[{"name":"wp","href":"https:\/\/api.w.org\/{rel}","templated":true}]}}