{"id":31827,"date":"2010-10-05T13:32:15","date_gmt":"2010-10-05T17:32:15","guid":{"rendered":"http:\/\/www.redenoticia.com.br\/noticia\/?p=31827"},"modified":"2010-10-05T13:57:23","modified_gmt":"2010-10-05T17:57:23","slug":"marcelo-dourado-da-dicas-de-como-entrar-no-bbb","status":"publish","type":"post","link":"https:\/\/migracao.redenoticia.com.br\/noticia\/2010\/marcelo-dourado-da-dicas-de-como-entrar-no-bbb\/31827","title":{"rendered":"Marcelo Dourado d\u00e1 dicas de como entrar no BBB"},"content":{"rendered":"<p><img loading=\"lazy\" decoding=\"async\" class=\"alignleft size-full wp-image-31828\" title=\"bbb11\" src=\"https:\/\/migracao.redenoticia.com.br\/noticia\/imagens\/bbb11.jpg\" alt=\"\" width=\"300\" height=\"193\" srcset=\"https:\/\/migracao.redenoticia.com.br\/noticia\/imagens\/bbb11.jpg 300w, https:\/\/migracao.redenoticia.com.br\/noticia\/imagens\/bbb11-250x160.jpg 250w, https:\/\/migracao.redenoticia.com.br\/noticia\/imagens\/bbb11-150x96.jpg 150w\" sizes=\"auto, (max-width: 300px) 100vw, 300px\" \/>Marcelo Dourado (dicas de como entrar no  BBB) &#8211;\u00a0vencedor da edi\u00e7\u00e3o n\u00famero 10 do reality show Global, o ex brother d\u00e1 dicas,  atrav\u00e9s de seu Twitter, de como entrar e concorrer o pr\u00eamio m\u00e1ximo do programa.  O lutador que participou duas vezes do <strong><em>BBB<\/em><\/strong>, em 2004 e 2010, garantiu seu  primeiro milh\u00e3o ao mostrar para o Brasil sua autenticidade e conduta de  jogador.<\/p>\n<p>Entre as dicas, Marcelo cita que ter experi\u00eancia de vida pode contar na hora  da sele\u00e7\u00e3o. \u201cNessa hora, a sua experi\u00eancia de vida (viagens, trabalhos e f\u00e9rias)  v\u00e3o chamar a aten\u00e7\u00e3o. Lembre dos melhores momentos e mande bala!\u201d,  assinalou.<\/p>\n<p>Dourado, que recentemente inaugurou sua franquia de roupas e acess\u00f3rios da  marca F.U.E.L., no Rio de Janeiro, ainda aproveitou, entre um \u2018twiit\u2019 e outro,  para manifestar sua torcida por Tico Santa Cruz e Monique Evans. Ambos  participam da nova vers\u00e3o de A Fazenda, na Record.<\/p>\n<p>Siga Marcelo Dourado no Twitter: http:\/\/twitter.com\/#!\/MAKTUBDOURADO<\/p>\n<p>Marcelo Dourado &#8211; dicas de como entrar no  BBB<\/p>\n","protected":false},"excerpt":{"rendered":"<p>Marcelo Dourado (dicas de como entrar no BBB) &#8211;\u00a0vencedor da edi\u00e7\u00e3o n\u00famero 10 do reality show Global, o ex brother d\u00e1 dicas, atrav\u00e9s de seu Twitter, de como entrar e concorrer o pr\u00eamio m\u00e1ximo do programa. O lutador que participou duas vezes do BBB, em 2004 e 2010, garantiu seu primeiro milh\u00e3o ao mostrar para [&hellip;]<\/p>\n","protected":false},"author":3,"featured_media":31828,"comment_status":"open","ping_status":"open","sticky":false,"template":"","format":"standard","meta":{"tdm_status":"","tdm_grid_status":"","footnotes":""},"categories":[22,343],"tags":[],"class_list":{"0":"post-31827","1":"post","2":"type-post","3":"status-publish","4":"format-standard","5":"has-post-thumbnail","7":"category-brasil","8":"category-televisao"},"_links":{"self":[{"href":"https:\/\/migracao.redenoticia.com.br\/noticia\/wp-json\/wp\/v2\/posts\/31827","targetHints":{"allow":["GET"]}}],"collection":[{"href":"https:\/\/migracao.redenoticia.com.br\/noticia\/wp-json\/wp\/v2\/posts"}],"about":[{"href":"https:\/\/migracao.redenoticia.com.br\/noticia\/wp-json\/wp\/v2\/types\/post"}],"author":[{"embeddable":true,"href":"https:\/\/migracao.redenoticia.com.br\/noticia\/wp-json\/wp\/v2\/users\/3"}],"replies":[{"embeddable":true,"href":"https:\/\/migracao.redenoticia.com.br\/noticia\/wp-json\/wp\/v2\/comments?post=31827"}],"version-history":[{"count":0,"href":"https:\/\/migracao.redenoticia.com.br\/noticia\/wp-json\/wp\/v2\/posts\/31827\/revisions"}],"wp:featuredmedia":[{"embeddable":true,"href":"https:\/\/migracao.redenoticia.com.br\/noticia\/wp-json\/wp\/v2\/media\/31828"}],"wp:attachment":[{"href":"https:\/\/migracao.redenoticia.com.br\/noticia\/wp-json\/wp\/v2\/media?parent=31827"}],"wp:term":[{"taxonomy":"category","embeddable":true,"href":"https:\/\/migracao.redenoticia.com.br\/noticia\/wp-json\/wp\/v2\/categories?post=31827"},{"taxonomy":"post_tag","embeddable":true,"href":"https:\/\/migracao.redenoticia.com.br\/noticia\/wp-json\/wp\/v2\/tags?post=31827"}],"curies":[{"name":"wp","href":"https:\/\/api.w.org\/{rel}","templated":true}]}}