{"id":3185,"date":"2009-06-19T08:53:48","date_gmt":"2009-06-19T12:53:48","guid":{"rendered":"http:\/\/www.redenoticia.com.br\/noticia\/?p=3185"},"modified":"2009-06-19T08:54:16","modified_gmt":"2009-06-19T12:54:16","slug":"dilma-roussef-tem-agenda-cheia-em-rondonia","status":"publish","type":"post","link":"https:\/\/migracao.redenoticia.com.br\/noticia\/2009\/dilma-roussef-tem-agenda-cheia-em-rondonia\/3185","title":{"rendered":"Dilma Roussef tem agenda cheia em Rond\u00f4nia"},"content":{"rendered":"<p>Nesta sexta-feira (19) na capital de Rond\u00f4nia, a ministra Dilma Roussef cumpre diversos compromissos: vai participar do lan\u00e7amento do Mutir\u00e3o Arco Verde &#8211; Terra Legal, conhecer a Usina Santo Ant\u00f4nio, far\u00e1 balan\u00e7o do PAC e assinar\u00e1 entrega de documentos \u00e0 prefeitura e ordem de servi\u00e7o para o Governo do Estado.<\/p>\n<p>A ministra Chefe da Casa Civil, Dilma Rolssef, e os ministros das Cidades, M\u00e1rcio Fortes e dos Transportes, Alfredo Nascimento, chegam \u00e0s 08:50 horas desta manh\u00e3 na base a\u00e9rea de Porto Velho, de onde seguem para a solenidade de abertura do Mutir\u00e3o Arco Verde \u2013 Terra Legal, marcado para \u00e0s 09:30 horas, na Escola Estadual Marcelo C\u00e2ndia, rua Petrolina, 10.804, no bairro Marcos Freire. Est\u00e1 marcado para \u00e0s 10:00 horas a abertura do link de teleconfer\u00eancia com o presidente Luis In\u00e1cio Lula da Silva e os representantes das cidades de Alta Floresta (MT) e Marab\u00e1 (PA), que tamb\u00e9m participam do Mutir\u00e3o Arco Verde \u2013 Terra Legal.<\/p>\n<p>Ap\u00f3s a solenidade, \u00e0s 13:00 horas, os ministros e o governador Ivo Cassol sobrevoam a Usina se Santo Ant\u00f4nio para conhecerem a estrutura de uma das maiores obras que est\u00e3o sendo realizadas no pa\u00eds.<\/p>\n<p>Em seguida, \u00e0s 14:30 horas o governador estar\u00e1 reunido com a ministra Dilma Roussef e os ministros M\u00e1rcio Fortes e Alfredo Nascimento no audit\u00f3rio da O.A.B., para fazer um balan\u00e7o das obras do PAC Rond\u00f4nia, que s\u00e3o desenvolvidas em parceria com o Governo do Estado.   Neste local e hor\u00e1rio tamb\u00e9m ser\u00e1 realizada uma coletiva \u00e0 imprensa.<\/p>\n<p>A partir das 16:30 horas, a ministra Dilma Roussef participa da solenidade de assinatura de documento para transfer\u00eancia de t\u00edtulos das terras da Uni\u00e3o para a prefeitura de Porto Velho. O evento acontecer\u00e1 no Campo Princes\u00e3o, no bairro Socialista.<\/p>\n<p>Encerrando sua agenda em Porto Velho, a ministra Dilma Roussef assinar\u00e1 ordem de servi\u00e7o para a execu\u00e7\u00e3o das obras de esgotamento sanit\u00e1rio da Capital. A solenidade acontecer\u00e1 \u00e0s 18:00 horas no Campo do 13, no bairro Embratel.<\/p>\n<p><strong>Fonte: <\/strong>DECOM &#8211; Departamento de Comunica\u00e7\u00e3o Social<\/p>\n","protected":false},"excerpt":{"rendered":"<p>Nesta sexta-feira (19) na capital de Rond\u00f4nia, a ministra Dilma Roussef cumpre diversos compromissos: vai participar do lan\u00e7amento do Mutir\u00e3o Arco Verde &#8211; Terra Legal, conhecer a Usina Santo Ant\u00f4nio, far\u00e1 balan\u00e7o do PAC e assinar\u00e1 entrega de documentos \u00e0 prefeitura e ordem de servi\u00e7o para o Governo do Estado. A ministra Chefe da Casa [&hellip;]<\/p>\n","protected":false},"author":3,"featured_media":0,"comment_status":"open","ping_status":"open","sticky":false,"template":"","format":"standard","meta":{"tdm_status":"","tdm_grid_status":"","footnotes":""},"categories":[22],"tags":[],"class_list":{"0":"post-3185","1":"post","2":"type-post","3":"status-publish","4":"format-standard","6":"category-brasil"},"_links":{"self":[{"href":"https:\/\/migracao.redenoticia.com.br\/noticia\/wp-json\/wp\/v2\/posts\/3185","targetHints":{"allow":["GET"]}}],"collection":[{"href":"https:\/\/migracao.redenoticia.com.br\/noticia\/wp-json\/wp\/v2\/posts"}],"about":[{"href":"https:\/\/migracao.redenoticia.com.br\/noticia\/wp-json\/wp\/v2\/types\/post"}],"author":[{"embeddable":true,"href":"https:\/\/migracao.redenoticia.com.br\/noticia\/wp-json\/wp\/v2\/users\/3"}],"replies":[{"embeddable":true,"href":"https:\/\/migracao.redenoticia.com.br\/noticia\/wp-json\/wp\/v2\/comments?post=3185"}],"version-history":[{"count":0,"href":"https:\/\/migracao.redenoticia.com.br\/noticia\/wp-json\/wp\/v2\/posts\/3185\/revisions"}],"wp:attachment":[{"href":"https:\/\/migracao.redenoticia.com.br\/noticia\/wp-json\/wp\/v2\/media?parent=3185"}],"wp:term":[{"taxonomy":"category","embeddable":true,"href":"https:\/\/migracao.redenoticia.com.br\/noticia\/wp-json\/wp\/v2\/categories?post=3185"},{"taxonomy":"post_tag","embeddable":true,"href":"https:\/\/migracao.redenoticia.com.br\/noticia\/wp-json\/wp\/v2\/tags?post=3185"}],"curies":[{"name":"wp","href":"https:\/\/api.w.org\/{rel}","templated":true}]}}