{"id":3189,"date":"2009-06-19T08:58:58","date_gmt":"2009-06-19T12:58:58","guid":{"rendered":"http:\/\/www.redenoticia.com.br\/noticia\/?p=3189"},"modified":"2009-06-19T08:59:34","modified_gmt":"2009-06-19T12:59:34","slug":"rondonia-ganha-mais-um-presidio-de-seguranca-maxima","status":"publish","type":"post","link":"https:\/\/migracao.redenoticia.com.br\/noticia\/2009\/rondonia-ganha-mais-um-presidio-de-seguranca-maxima\/3189","title":{"rendered":"Rond\u00f4nia ganha mais um pres\u00eddio de seguran\u00e7a m\u00e1xima"},"content":{"rendered":"<p>Mais uma etapa para a consolida\u00e7\u00e3o do Sistema Penitenci\u00e1rio Federal (SPF) ser\u00e1 conclu\u00edda hoje (19) com a inaugura\u00e7\u00e3o da terceira unidade prisional de seguran\u00e7a m\u00e1xima em Porto Velho (Rond\u00f4nia) . A solenidade, \u00e0s 10h, contar\u00e1 com a presen\u00e7a do diretor do SPF, do Minist\u00e9rio da Justi\u00e7a, Wilson Salles Damazio.<\/p>\n<p>A constru\u00e7\u00e3o de cinco estabelecimentos penais federais foi a op\u00e7\u00e3o encontrada pelo Minist\u00e9rio da Justi\u00e7a para isolar criminosos de alta periculosidade e evitar que eles continuem atuando e cooptando outros presos. Com a iniciativa, o minist\u00e9rio cumpre mais uma determina\u00e7\u00e3o da Lei de Execu\u00e7\u00e3o Penal de 1984.<\/p>\n<p>Da Ag\u00eancia Brasil<\/p>\n","protected":false},"excerpt":{"rendered":"<p>Mais uma etapa para a consolida\u00e7\u00e3o do Sistema Penitenci\u00e1rio Federal (SPF) ser\u00e1 conclu\u00edda hoje (19) com a inaugura\u00e7\u00e3o da terceira unidade prisional de seguran\u00e7a m\u00e1xima em Porto Velho (Rond\u00f4nia) . A solenidade, \u00e0s 10h, contar\u00e1 com a presen\u00e7a do diretor do SPF, do Minist\u00e9rio da Justi\u00e7a, Wilson Salles Damazio. A constru\u00e7\u00e3o de cinco estabelecimentos penais [&hellip;]<\/p>\n","protected":false},"author":3,"featured_media":0,"comment_status":"open","ping_status":"open","sticky":false,"template":"","format":"standard","meta":{"tdm_status":"","tdm_grid_status":"","footnotes":""},"categories":[22],"tags":[],"class_list":{"0":"post-3189","1":"post","2":"type-post","3":"status-publish","4":"format-standard","6":"category-brasil"},"_links":{"self":[{"href":"https:\/\/migracao.redenoticia.com.br\/noticia\/wp-json\/wp\/v2\/posts\/3189","targetHints":{"allow":["GET"]}}],"collection":[{"href":"https:\/\/migracao.redenoticia.com.br\/noticia\/wp-json\/wp\/v2\/posts"}],"about":[{"href":"https:\/\/migracao.redenoticia.com.br\/noticia\/wp-json\/wp\/v2\/types\/post"}],"author":[{"embeddable":true,"href":"https:\/\/migracao.redenoticia.com.br\/noticia\/wp-json\/wp\/v2\/users\/3"}],"replies":[{"embeddable":true,"href":"https:\/\/migracao.redenoticia.com.br\/noticia\/wp-json\/wp\/v2\/comments?post=3189"}],"version-history":[{"count":0,"href":"https:\/\/migracao.redenoticia.com.br\/noticia\/wp-json\/wp\/v2\/posts\/3189\/revisions"}],"wp:attachment":[{"href":"https:\/\/migracao.redenoticia.com.br\/noticia\/wp-json\/wp\/v2\/media?parent=3189"}],"wp:term":[{"taxonomy":"category","embeddable":true,"href":"https:\/\/migracao.redenoticia.com.br\/noticia\/wp-json\/wp\/v2\/categories?post=3189"},{"taxonomy":"post_tag","embeddable":true,"href":"https:\/\/migracao.redenoticia.com.br\/noticia\/wp-json\/wp\/v2\/tags?post=3189"}],"curies":[{"name":"wp","href":"https:\/\/api.w.org\/{rel}","templated":true}]}}