{"id":3193,"date":"2009-06-19T09:04:48","date_gmt":"2009-06-19T13:04:48","guid":{"rendered":"http:\/\/www.redenoticia.com.br\/noticia\/?p=3193"},"modified":"2009-06-19T09:04:48","modified_gmt":"2009-06-19T13:04:48","slug":"semana-nacional-de-prevencao-ao-uso-de-drogas-comeca-hoje","status":"publish","type":"post","link":"https:\/\/migracao.redenoticia.com.br\/noticia\/2009\/semana-nacional-de-prevencao-ao-uso-de-drogas-comeca-hoje\/3193","title":{"rendered":"Semana Nacional de Preven\u00e7\u00e3o ao Uso de Drogas come\u00e7a hoje"},"content":{"rendered":"<p>Com o tema A\u00e7\u00f5es Integradas na Preven\u00e7\u00e3o ao Uso de Drogas e Viol\u00eancia, come\u00e7a hoje (19) a 11\u00aa Semana Nacional de Preven\u00e7\u00e3o ao Uso Indevido de Drogas, que vai at\u00e9 o dia 26. A abertura oficial ocorrer\u00e1 ter\u00e7a-feira (23), \u00e0s 10h, com a presen\u00e7a do ministro do Gabinete de Seguran\u00e7a Institucional, Jorge Armando Felix, e do secret\u00e1rio nacional de Pol\u00edticas sobre Drogas, Paulo Roberto Uch\u00f4a.<\/p>\n<p>O in\u00edcio da semana marca a cria\u00e7\u00e3o da Secretaria Nacional Antidrogas (Senad), em 19 de junho, e o encerramento, dia 26, o Dia Internacional de Luta contra o Abuso e o Tr\u00e1fico Il\u00edcito de Drogas.<\/p>\n<p>Na pr\u00f3xima quarta-feira (24), ser\u00e1 lan\u00e7ado simultaneamente em v\u00e1rios pa\u00edses o Relat\u00f3rio Mundial sobre Drogas 2009. Feito pelo Escrit\u00f3rio das Na\u00e7\u00f5es Unidas sobre Drogas e Crime (Unodc), o documento re\u00fane dados enviados pelos governos de v\u00e1rios pa\u00edses e an\u00e1lises de tend\u00eancia sobre o mercado de drogas ilegais em todo o mundo, inclusive produ\u00e7\u00e3o, tr\u00e1fico e consumo, servindo como refer\u00eancia para a implementa\u00e7\u00e3o de pol\u00edticas p\u00fablicas no setor.<\/p>\n<p>Da Ag\u00eancia Brasil<\/p>\n","protected":false},"excerpt":{"rendered":"<p>Com o tema A\u00e7\u00f5es Integradas na Preven\u00e7\u00e3o ao Uso de Drogas e Viol\u00eancia, come\u00e7a hoje (19) a 11\u00aa Semana Nacional de Preven\u00e7\u00e3o ao Uso Indevido de Drogas, que vai at\u00e9 o dia 26. A abertura oficial ocorrer\u00e1 ter\u00e7a-feira (23), \u00e0s 10h, com a presen\u00e7a do ministro do Gabinete de Seguran\u00e7a Institucional, Jorge Armando Felix, e [&hellip;]<\/p>\n","protected":false},"author":3,"featured_media":0,"comment_status":"open","ping_status":"open","sticky":false,"template":"","format":"standard","meta":{"tdm_status":"","tdm_grid_status":"","footnotes":""},"categories":[22,5],"tags":[],"class_list":{"0":"post-3193","1":"post","2":"type-post","3":"status-publish","4":"format-standard","6":"category-brasil","7":"category-saude-e-vida"},"_links":{"self":[{"href":"https:\/\/migracao.redenoticia.com.br\/noticia\/wp-json\/wp\/v2\/posts\/3193","targetHints":{"allow":["GET"]}}],"collection":[{"href":"https:\/\/migracao.redenoticia.com.br\/noticia\/wp-json\/wp\/v2\/posts"}],"about":[{"href":"https:\/\/migracao.redenoticia.com.br\/noticia\/wp-json\/wp\/v2\/types\/post"}],"author":[{"embeddable":true,"href":"https:\/\/migracao.redenoticia.com.br\/noticia\/wp-json\/wp\/v2\/users\/3"}],"replies":[{"embeddable":true,"href":"https:\/\/migracao.redenoticia.com.br\/noticia\/wp-json\/wp\/v2\/comments?post=3193"}],"version-history":[{"count":0,"href":"https:\/\/migracao.redenoticia.com.br\/noticia\/wp-json\/wp\/v2\/posts\/3193\/revisions"}],"wp:attachment":[{"href":"https:\/\/migracao.redenoticia.com.br\/noticia\/wp-json\/wp\/v2\/media?parent=3193"}],"wp:term":[{"taxonomy":"category","embeddable":true,"href":"https:\/\/migracao.redenoticia.com.br\/noticia\/wp-json\/wp\/v2\/categories?post=3193"},{"taxonomy":"post_tag","embeddable":true,"href":"https:\/\/migracao.redenoticia.com.br\/noticia\/wp-json\/wp\/v2\/tags?post=3193"}],"curies":[{"name":"wp","href":"https:\/\/api.w.org\/{rel}","templated":true}]}}