{"id":3196,"date":"2009-06-19T09:07:14","date_gmt":"2009-06-19T13:07:14","guid":{"rendered":"http:\/\/www.redenoticia.com.br\/noticia\/?p=3196"},"modified":"2009-06-19T09:07:14","modified_gmt":"2009-06-19T13:07:14","slug":"obrigatoriedade-nao-e-sinonimo-de-credibilidade-diz-jornalista","status":"publish","type":"post","link":"https:\/\/migracao.redenoticia.com.br\/noticia\/2009\/obrigatoriedade-nao-e-sinonimo-de-credibilidade-diz-jornalista\/3196","title":{"rendered":"Obrigatoriedade n\u00e3o \u00e9 sin\u00f4nimo de credibilidade, diz jornalista"},"content":{"rendered":"<p>A decis\u00e3o do <a href=\"http:\/\/www.agenciabrasil.gov.br\/noticias\/2009\/06\/17\/materia.2009-06-17.6939656552\/view\" target=\"_self\">Supremo Tribunal Federal <\/a>(STF) que suspende a obrigatoriedade do diploma de jornalismo para o exerc\u00edcio da profiss\u00e3o, anunciada quarta-feira (17) em Bras\u00edlia, divide opini\u00f5es de jornalistas ouvidos\u00a0 pela <strong>Ag\u00eancia Brasil<\/strong>. Segundo Edith Elek, editora em S\u00e3o Paulo, a credibilidade da informa\u00e7\u00e3o n\u00e3o depende de uma faculdade. &#8220;A credibilidade \u00e9 conquistada quando se demonstra compet\u00eancia, cultura e interesse, n\u00e3o s\u00f3 no jornalismo como em qualquer profiss\u00e3o&#8221;, afirma.<\/p>\n<p>Ela diz que a \u00e9tica &#8220;se aprende na vida&#8221; e que \u00e9 mais importante que o jornalista tenha uma boa forma\u00e7\u00e3o do que um simples diploma. &#8220;Para quem tem habilidade, as t\u00e9cnicas de jornalismo s\u00e3o f\u00e1ceis de serem aprendidas.Acho que os jornalistas devem ter algum diploma universit\u00e1rio, mas n\u00e3o necessariamente jornalismo&#8221;.<\/p>\n<p>Para Cl\u00f3vis Rossi,\u00a0&#8220;n\u00e3o h\u00e1 faculdade no mundo capaz de preparar quem quer que seja para a mir\u00edade de temas que a profiss\u00e3o coloca na pauta dos jornalistas&#8221;. Segundo ele, a \u00e9tica pode ser aprendida em qualquer faculdade. &#8220;Seria prepot\u00eancia demais dos professores de jornalismo &#8211; e dos jornalistas &#8211; achar que det\u00eam o monop\u00f3lio da \u00e9tica&#8221;, completa.<\/p>\n<p>Na opini\u00e3o de Jos\u00e9 Hamilton Ribeiro, a n\u00e3o obrigatoriedade do diploma pode significar um retrocesso na profiss\u00e3o. &#8220;Antigamente, os rep\u00f3rteres eram recrutados na reda\u00e7\u00e3o do jornal: motoristas, faxineiros, lixeiros, <em>office boys<\/em>, enfim, pessoas que conheciam a &#8216;patotinha&#8217; e viravam jornalistas&#8221;, comenta.<\/p>\n<p>Ribeiro informa que uma pesquisa do Sindicato dos Jornalistas de S\u00e3o Paulo, de 1997, mostrou que 19 profissionais reconhecidos como jornalistas pelo pr\u00f3prio sindicato eram analfabetos. &#8220;As pessoas trabalhavam por um prato de comida&#8221;, lembra.<\/p>\n<p>Para ele, a decis\u00e3o do STF foi &#8220;confusa&#8221;. &#8220;Eles [<em>os ministros<\/em>] confundiram liberdade de express\u00e3o com exerc\u00edcio profissional. Liberdade de express\u00e3o \u00e9 praticada por sindicatos, por um Judici\u00e1rio independente e n\u00e3o por jornalistas, que cumprem ordens de suas empresas&#8221;, disse.<\/p>\n<p>Ivy Farias<br \/>\n<em>Rep\u00f3rter da Ag\u00eancia Brasil<\/em><\/p>\n","protected":false},"excerpt":{"rendered":"<p>A decis\u00e3o do Supremo Tribunal Federal (STF) que suspende a obrigatoriedade do diploma de jornalismo para o exerc\u00edcio da profiss\u00e3o, anunciada quarta-feira (17) em Bras\u00edlia, divide opini\u00f5es de jornalistas ouvidos\u00a0 pela Ag\u00eancia Brasil. Segundo Edith Elek, editora em S\u00e3o Paulo, a credibilidade da informa\u00e7\u00e3o n\u00e3o depende de uma faculdade. &#8220;A credibilidade \u00e9 conquistada quando se [&hellip;]<\/p>\n","protected":false},"author":3,"featured_media":0,"comment_status":"open","ping_status":"open","sticky":false,"template":"","format":"standard","meta":{"tdm_status":"","tdm_grid_status":"","footnotes":""},"categories":[22],"tags":[],"class_list":{"0":"post-3196","1":"post","2":"type-post","3":"status-publish","4":"format-standard","6":"category-brasil"},"_links":{"self":[{"href":"https:\/\/migracao.redenoticia.com.br\/noticia\/wp-json\/wp\/v2\/posts\/3196","targetHints":{"allow":["GET"]}}],"collection":[{"href":"https:\/\/migracao.redenoticia.com.br\/noticia\/wp-json\/wp\/v2\/posts"}],"about":[{"href":"https:\/\/migracao.redenoticia.com.br\/noticia\/wp-json\/wp\/v2\/types\/post"}],"author":[{"embeddable":true,"href":"https:\/\/migracao.redenoticia.com.br\/noticia\/wp-json\/wp\/v2\/users\/3"}],"replies":[{"embeddable":true,"href":"https:\/\/migracao.redenoticia.com.br\/noticia\/wp-json\/wp\/v2\/comments?post=3196"}],"version-history":[{"count":0,"href":"https:\/\/migracao.redenoticia.com.br\/noticia\/wp-json\/wp\/v2\/posts\/3196\/revisions"}],"wp:attachment":[{"href":"https:\/\/migracao.redenoticia.com.br\/noticia\/wp-json\/wp\/v2\/media?parent=3196"}],"wp:term":[{"taxonomy":"category","embeddable":true,"href":"https:\/\/migracao.redenoticia.com.br\/noticia\/wp-json\/wp\/v2\/categories?post=3196"},{"taxonomy":"post_tag","embeddable":true,"href":"https:\/\/migracao.redenoticia.com.br\/noticia\/wp-json\/wp\/v2\/tags?post=3196"}],"curies":[{"name":"wp","href":"https:\/\/api.w.org\/{rel}","templated":true}]}}