{"id":32,"date":"2009-03-28T22:43:00","date_gmt":"2009-03-29T01:43:00","guid":{"rendered":"http:\/\/www.redenoticia.com.br\/noticia\/?p=32"},"modified":"2009-04-10T17:04:02","modified_gmt":"2009-04-10T20:04:02","slug":"governo-do-acre-quer-investir-r-30-milhoes-em-comunidades-extrativistas","status":"publish","type":"post","link":"https:\/\/migracao.redenoticia.com.br\/noticia\/2009\/governo-do-acre-quer-investir-r-30-milhoes-em-comunidades-extrativistas\/32","title":{"rendered":"Governo do Acre quer investir R$ 30 milh\u00f5es em comunidades extrativistas"},"content":{"rendered":"\n<p class=\"MsoNormal\">[singlepic id=211 w=320 h=240 float=left]Bras\u00edlia &#8211; O governo do Acre quer investir R$ 30 milh\u00f5es em apoio a comunidades extrativistas para garantir a continuidade da luta de Chico Mendes e evitar a derrubada de florestas do estado.<\/p>\n<p><span>A previs\u00e3o \u00e9 do governador Binho Marques, que defende a competitividade dos produtos extrativistas para &#8220;nadar contra a mar\u00e9 da cria\u00e7\u00e3o de gado&#8221; que pressiona o desmatamento na Amaz\u00f4nia.<\/span><\/p>\n<p class=\"western\"><span>Vinte anos depois da morte de Chico Mendes, o governador aponta dificuldades para a consolida\u00e7\u00e3o de uma economia sustent\u00e1vel no Acre, diante da concorr\u00eancia com o gado, que coloca em risco a floresta em nome da abertura de pastos para a pecu\u00e1ria.<\/span><\/p>\n<p class=\"western\"><span>&#8220;\u00c9 muito mais f\u00e1cil trabalhar com um produto que tem mercado garantido. E \u00e9 contra isso que lutamos, contra uma lei de mercado, que nos coloca numa situa\u00e7\u00e3o dif\u00edcil&#8221;, afirmou, em entrevista \u00e0 <strong>R\u00e1dio Nacional da Amaz\u00f4nia<\/strong>.<\/span><\/p>\n<p class=\"western\"><span>Herdeiro pol\u00edtico da luta de Chico Mendes, Binho Marques compara a cria\u00e7\u00e3o de reservas extrativistas &#8211; a partir das id\u00e9ias do seringueiro &#8211; a um novo conceito de reforma agr\u00e1ria para a Amaz\u00f4nia.<\/span><\/p>\n<p class=\"western\"><span>&#8220;Uma reforma diferente do modo tradicional, rural, de 50 hectares por fam\u00edlia. Ele queria que toda uma \u00e1rea de seringal fosse delimitada, que ela pertencesse \u00e0 Uni\u00e3o e que os moradores tivessem direito de uso dessa \u00e1rea e que fizessem a gest\u00e3o coletiva&#8221;, lembrou.<\/span><\/p>\n<p class=\"western\"><span>&#8220;O nosso desafio \u00e9 criar oportunidades para que os seringueiros possam ter atividades sustent\u00e1veis nessas reservas&#8221;, acrescentou.<\/span><\/p>\n<p class=\"western\"><span>O Acre \u00e9 um dos estados menos desmatados da Amaz\u00f4nia Legal. Apenas 10% da \u00e1rea de florestas do estado foram derrubadas. No sul de Rond\u00f4nia, o percentual chega a 80% em alguns trechos da floresta.<\/span><\/p>\n<p class=\"MsoNormal\">\n<p class=\"MsoNormal\">Fonte Ag\u00eancia Brasil<\/p>\n","protected":false},"excerpt":{"rendered":"<p>[singlepic id=211 w=320 h=240 float=left]Bras\u00edlia &#8211; O governo do Acre quer investir R$ 30 milh\u00f5es em apoio a comunidades extrativistas para garantir a continuidade da luta de Chico Mendes e evitar a derrubada de florestas do estado. A previs\u00e3o \u00e9 do governador Binho Marques, que defende a competitividade dos produtos extrativistas para &#8220;nadar contra a [&hellip;]<\/p>\n","protected":false},"author":2,"featured_media":0,"comment_status":"open","ping_status":"open","sticky":false,"template":"","format":"standard","meta":{"tdm_status":"","tdm_grid_status":"","footnotes":""},"categories":[7],"tags":[],"class_list":{"0":"post-32","1":"post","2":"type-post","3":"status-publish","4":"format-standard","6":"category-economia"},"_links":{"self":[{"href":"https:\/\/migracao.redenoticia.com.br\/noticia\/wp-json\/wp\/v2\/posts\/32","targetHints":{"allow":["GET"]}}],"collection":[{"href":"https:\/\/migracao.redenoticia.com.br\/noticia\/wp-json\/wp\/v2\/posts"}],"about":[{"href":"https:\/\/migracao.redenoticia.com.br\/noticia\/wp-json\/wp\/v2\/types\/post"}],"author":[{"embeddable":true,"href":"https:\/\/migracao.redenoticia.com.br\/noticia\/wp-json\/wp\/v2\/users\/2"}],"replies":[{"embeddable":true,"href":"https:\/\/migracao.redenoticia.com.br\/noticia\/wp-json\/wp\/v2\/comments?post=32"}],"version-history":[{"count":0,"href":"https:\/\/migracao.redenoticia.com.br\/noticia\/wp-json\/wp\/v2\/posts\/32\/revisions"}],"wp:attachment":[{"href":"https:\/\/migracao.redenoticia.com.br\/noticia\/wp-json\/wp\/v2\/media?parent=32"}],"wp:term":[{"taxonomy":"category","embeddable":true,"href":"https:\/\/migracao.redenoticia.com.br\/noticia\/wp-json\/wp\/v2\/categories?post=32"},{"taxonomy":"post_tag","embeddable":true,"href":"https:\/\/migracao.redenoticia.com.br\/noticia\/wp-json\/wp\/v2\/tags?post=32"}],"curies":[{"name":"wp","href":"https:\/\/api.w.org\/{rel}","templated":true}]}}