{"id":3200,"date":"2009-06-19T12:19:32","date_gmt":"2009-06-19T16:19:32","guid":{"rendered":"http:\/\/www.redenoticia.com.br\/noticia\/?p=3200"},"modified":"2009-06-19T12:19:32","modified_gmt":"2009-06-19T16:19:32","slug":"taxa-de-manutencao-das-rodoviarias-de-rondonia-incluira-uso-de-banheiro","status":"publish","type":"post","link":"https:\/\/migracao.redenoticia.com.br\/noticia\/2009\/taxa-de-manutencao-das-rodoviarias-de-rondonia-incluira-uso-de-banheiro\/3200","title":{"rendered":"Taxa de manuten\u00e7\u00e3o das rodovi\u00e1rias de Rond\u00f4nia incluir\u00e1 uso de banheiro"},"content":{"rendered":"<p><span style=\"font-size: 11pt; font-family: Arial;\">O projeto de Lei \u00e9 de autoria do deputado estadual Jesualdo Pires (PSB de Ji-Paran\u00e1) e extingue o pagamento de taxas para uso dos banheiros das esta\u00e7\u00f5es rodovi\u00e1rias em Rond\u00f4nia.<\/span><span style=\"font-size: 11pt; font-family: Arial;\"> A Assembl\u00e9ia Legislativa do Estado de Rond\u00f4nia (ALE) aprovou o projeto nesta semana. <\/span><\/p>\n<p><span style=\"font-size: 11pt; font-family: Arial;\">A lei ainda deve ser sancionada pelo Governador de Rond\u00f4nia, Ivo Cassol. Os banheiros dever\u00e3o estar dispon\u00edveis e sem custos para os usu\u00e1rios dos transportes interestaduais que estejam de posse do bilhete de embarque com data e hor\u00e1rios previsto no itiner\u00e1rio e juntamente com a taxa de embarque.<\/span><\/p>\n<p><span style=\"font-size: 11pt; font-family: Arial;\">Conforme o deputado Jesualdo Pires, na maioria das rodovi\u00e1rias do Estado, os usu\u00e1rios al\u00e9m de pagarem o bilhete de passagem e a taxa de manuten\u00e7\u00e3o, ainda s\u00e3o obrigados a pagar uma taxa para a utiliza\u00e7\u00e3o dos banheiros. <\/span><\/p>\n<p><span style=\"font-size: 11pt; font-family: Arial;\">\u201cNossa inten\u00e7\u00e3o, ao aprovarmos este projeto \u00e9 garantir o direito de utiliza\u00e7\u00e3o gratuita aos usu\u00e1rios e impedir que os passageiros tenham os custos de uma viagem ainda mais onerosa\u201d, ratificou o parlamentar.<\/span><\/p>\n<p><span style=\"font-size: 11pt; font-family: Arial;\">Jesualdo explicou ainda que oferecer banheiros em bom estado de conserva\u00e7\u00e3o e de higiene \u00e9 um dever das administra\u00e7\u00f5es dos terminais para garantir aos usu\u00e1rios condi\u00e7\u00f5es m\u00ednimas de sa\u00fade e comodidade. Entretanto, a cobran\u00e7a para utiliza\u00e7\u00e3o causa\u00a0 dificuldades e constrangimentos as pessoas com menor poder financeiro. <\/span><\/p>\n","protected":false},"excerpt":{"rendered":"<p>O projeto de Lei \u00e9 de autoria do deputado estadual Jesualdo Pires (PSB de Ji-Paran\u00e1) e extingue o pagamento de taxas para uso dos banheiros das esta\u00e7\u00f5es rodovi\u00e1rias em Rond\u00f4nia. A Assembl\u00e9ia Legislativa do Estado de Rond\u00f4nia (ALE) aprovou o projeto nesta semana. A lei ainda deve ser sancionada pelo Governador de Rond\u00f4nia, Ivo Cassol. [&hellip;]<\/p>\n","protected":false},"author":3,"featured_media":0,"comment_status":"open","ping_status":"open","sticky":false,"template":"","format":"standard","meta":{"tdm_status":"","tdm_grid_status":"","footnotes":""},"categories":[22],"tags":[],"class_list":{"0":"post-3200","1":"post","2":"type-post","3":"status-publish","4":"format-standard","6":"category-brasil"},"_links":{"self":[{"href":"https:\/\/migracao.redenoticia.com.br\/noticia\/wp-json\/wp\/v2\/posts\/3200","targetHints":{"allow":["GET"]}}],"collection":[{"href":"https:\/\/migracao.redenoticia.com.br\/noticia\/wp-json\/wp\/v2\/posts"}],"about":[{"href":"https:\/\/migracao.redenoticia.com.br\/noticia\/wp-json\/wp\/v2\/types\/post"}],"author":[{"embeddable":true,"href":"https:\/\/migracao.redenoticia.com.br\/noticia\/wp-json\/wp\/v2\/users\/3"}],"replies":[{"embeddable":true,"href":"https:\/\/migracao.redenoticia.com.br\/noticia\/wp-json\/wp\/v2\/comments?post=3200"}],"version-history":[{"count":0,"href":"https:\/\/migracao.redenoticia.com.br\/noticia\/wp-json\/wp\/v2\/posts\/3200\/revisions"}],"wp:attachment":[{"href":"https:\/\/migracao.redenoticia.com.br\/noticia\/wp-json\/wp\/v2\/media?parent=3200"}],"wp:term":[{"taxonomy":"category","embeddable":true,"href":"https:\/\/migracao.redenoticia.com.br\/noticia\/wp-json\/wp\/v2\/categories?post=3200"},{"taxonomy":"post_tag","embeddable":true,"href":"https:\/\/migracao.redenoticia.com.br\/noticia\/wp-json\/wp\/v2\/tags?post=3200"}],"curies":[{"name":"wp","href":"https:\/\/api.w.org\/{rel}","templated":true}]}}