{"id":3206,"date":"2009-06-19T12:22:16","date_gmt":"2009-06-19T16:22:16","guid":{"rendered":"http:\/\/www.redenoticia.com.br\/noticia\/?p=3206"},"modified":"2009-06-19T12:28:17","modified_gmt":"2009-06-19T16:28:17","slug":"secretaria-de-educacao-de-ji-parana-presta-contas-do-arraial","status":"publish","type":"post","link":"https:\/\/migracao.redenoticia.com.br\/noticia\/2009\/secretaria-de-educacao-de-ji-parana-presta-contas-do-arraial\/3206","title":{"rendered":"Secretaria de Educa\u00e7\u00e3o de Ji-Paran\u00e1 presta contas do arraial"},"content":{"rendered":"<p align=\"justify\"><span style=\"font-family: Calibri; font-size: small;\">O 1\u00b0 Arraial das Associa\u00e7\u00f5es de Pais e Professores (APP\u2019s) das escolas municipais realizado no p\u00e1tio da Prefeitura de Ji-Paran\u00e1, nos dias 12 e 13 de junho, superou todas as expectativas. A presta\u00e7\u00e3o de contas e entrega dos pr\u00eamios do bingo aconteceu ontem (19), pela manh\u00e3, no audit\u00f3rio da Secretaria Municipal de Educa\u00e7\u00e3o (Semed).<\/span><\/p>\n<p align=\"justify\"><span style=\"font-family: Calibri; font-size: small;\">Segundo o Secret\u00e1rio de Educa\u00e7\u00e3o, Vanderley Nunes, com o lucro obtido pela comiss\u00e3o organizadora do evento, no valor de R$ 5.929,20, ser\u00e1 adquirido uma aparelhagem de som que ser\u00e1 utilizada pelas escolas em eventos municipais.<\/span><\/p>\n<p align=\"justify\"><span style=\"font-family: Calibri; font-size: small;\">\u201cA nossa festa teve 100% de brilho, todas as escolas est\u00e3o de parab\u00e9ns. As apresenta\u00e7\u00f5es foram muito boas, conseguiram prender a aten\u00e7\u00e3o do p\u00fablico. As comidas preparadas com muito carinho, seguindo a tradi\u00e7\u00e3o de cada Estado representado. Nos dois dias de festa o p\u00e1tio da prefeitura ficou lotado. Com este lucro, estaremos adquirindo esta aparelhagem de som que \u00e9 atualmente uma necessidade das escolas\u201d, comentou.<\/span><\/p>\n<p align=\"justify\"><span style=\"font-family: Calibri; font-size: small;\">As APP\u2019s de cada escola tamb\u00e9m apresentaram o lucro obtido com a venda de comidas t\u00edpicas. Das 24 escolas, 23 obtiveram o total de R$ 12.709,34, uma escola ainda n\u00e3o apresentou o total arrecadado. Segundo Vanderley, cada APP poder\u00e1 investir seu lucro como melhor entender.<\/span><\/p>\n<p align=\"justify\"><span style=\"font-family: Calibri; font-size: small;\"><strong>Ganhadores do Bingo<\/strong><\/span><\/p>\n<p align=\"justify\"><span style=\"font-family: Calibri; font-size: small;\">A ganhadora dos quatro vale compras, no valor total de mil reais, oferecido pelo Supermercado Jeed\u00e1, foi Amanda de Assis. A TV de plasma, doada pelo deputado estadual Euclides Maciel, saiu para Joel da Concei\u00e7\u00e3o. J\u00e1 o note book, no valor de R$ 920,00, oferecido pelo deputado estadual Jesualdo Pires, saiu para seis cartelas, destas, cinco haviam sido vendidas. No ato da entrega, um dos ganhadores comprou a parte dos outros, que dividiram o dinheiro.<\/span><\/p>\n<p align=\"justify\"><span style=\"font-family: Calibri; font-size: small;\">Vanderley garantiu que esta foi apenas a primeira de muitas festas que ainda ser\u00e3o realizadas pelas APP\u2019s. Hoje (20) \u00e9 dia de festa na Escola Ruth Rocha e no dia 27 \u00e9 a vez do arraial da Escola Irineu Dresch.<\/span><\/p>\n","protected":false},"excerpt":{"rendered":"<p>O 1\u00b0 Arraial das Associa\u00e7\u00f5es de Pais e Professores (APP\u2019s) das escolas municipais realizado no p\u00e1tio da Prefeitura de Ji-Paran\u00e1, nos dias 12 e 13 de junho, superou todas as expectativas. A presta\u00e7\u00e3o de contas e entrega dos pr\u00eamios do bingo aconteceu ontem (19), pela manh\u00e3, no audit\u00f3rio da Secretaria Municipal de Educa\u00e7\u00e3o (Semed). Segundo [&hellip;]<\/p>\n","protected":false},"author":2,"featured_media":0,"comment_status":"open","ping_status":"open","sticky":false,"template":"","format":"standard","meta":{"tdm_status":"","tdm_grid_status":"","footnotes":""},"categories":[22],"tags":[],"class_list":{"0":"post-3206","1":"post","2":"type-post","3":"status-publish","4":"format-standard","6":"category-brasil"},"_links":{"self":[{"href":"https:\/\/migracao.redenoticia.com.br\/noticia\/wp-json\/wp\/v2\/posts\/3206","targetHints":{"allow":["GET"]}}],"collection":[{"href":"https:\/\/migracao.redenoticia.com.br\/noticia\/wp-json\/wp\/v2\/posts"}],"about":[{"href":"https:\/\/migracao.redenoticia.com.br\/noticia\/wp-json\/wp\/v2\/types\/post"}],"author":[{"embeddable":true,"href":"https:\/\/migracao.redenoticia.com.br\/noticia\/wp-json\/wp\/v2\/users\/2"}],"replies":[{"embeddable":true,"href":"https:\/\/migracao.redenoticia.com.br\/noticia\/wp-json\/wp\/v2\/comments?post=3206"}],"version-history":[{"count":0,"href":"https:\/\/migracao.redenoticia.com.br\/noticia\/wp-json\/wp\/v2\/posts\/3206\/revisions"}],"wp:attachment":[{"href":"https:\/\/migracao.redenoticia.com.br\/noticia\/wp-json\/wp\/v2\/media?parent=3206"}],"wp:term":[{"taxonomy":"category","embeddable":true,"href":"https:\/\/migracao.redenoticia.com.br\/noticia\/wp-json\/wp\/v2\/categories?post=3206"},{"taxonomy":"post_tag","embeddable":true,"href":"https:\/\/migracao.redenoticia.com.br\/noticia\/wp-json\/wp\/v2\/tags?post=3206"}],"curies":[{"name":"wp","href":"https:\/\/api.w.org\/{rel}","templated":true}]}}