{"id":32132,"date":"2010-10-26T11:43:25","date_gmt":"2010-10-26T15:43:25","guid":{"rendered":"http:\/\/www.redenoticia.com.br\/noticia\/?p=32132"},"modified":"2010-10-26T11:43:25","modified_gmt":"2010-10-26T15:43:25","slug":"inscricoes-para-o-vestibular-das-fatecs-ate-dia-09-de-novembro","status":"publish","type":"post","link":"https:\/\/migracao.redenoticia.com.br\/noticia\/2010\/inscricoes-para-o-vestibular-das-fatecs-ate-dia-09-de-novembro\/32132","title":{"rendered":"Inscri\u00e7\u00f5es para o Vestibular das Fatecs at\u00e9 dia 09 de novembro"},"content":{"rendered":"<p>As inscri\u00e7\u00f5es para o <strong><em>Vestibular<\/em><\/strong> das Faculdades de Tecnologia (<strong><em>Fatecs<\/em><\/strong>) do  Estado de S\u00e3o Paulo para o primeiro semestre de 2011 estar\u00e3o abertas at\u00e9 9 de  novembro. A prova ser\u00e1 no dia 5 de dezembro.\u00a0Nesse processo seletivo, s\u00e3o oferecidas 10.250 vagas, distribu\u00eddas entre as  49 Fatecs, o que representa um crescimento de 1.060 vagas em rela\u00e7\u00e3o ao mesmo  per\u00edodo do ano anterior (9.190).<\/p>\n<p>No ato da inscri\u00e7\u00e3o o candidato pode colocar como segunda op\u00e7\u00e3o um outro  per\u00edodo do mesmo curso, desde que oferecido na mesma faculdade.<\/p>\n<p>Diversos cursos de gradua\u00e7\u00e3o tecnol\u00f3gica est\u00e3o passando por atualiza\u00e7\u00e3o,  visando sua melhoria e adequa\u00e7\u00e3o ao Cat\u00e1logo de Cursos Superiores, elaborado  pelo Minist\u00e9rio da Educa\u00e7\u00e3o (MEC). A rela\u00e7\u00e3o com os nomes atuais dos cursos est\u00e1  no site <a href=\"http:\/\/www.centropaulasouza.sp.gov.br\/\" target=\"_blank\">www.centropaulasouza.sp.gov.br <\/a>.<\/p>\n<p>Novidades<\/p>\n<p>* O Vestibular para o 1\u00ba semestre de 2011 vai oferecer 55 cursos de gradua\u00e7\u00e3o  tecnol\u00f3gica. Desse total, tr\u00eas s\u00e3o in\u00e9ditos:<\/p>\n<p>Gest\u00e3o Ambiental &#8211; Fatec Jundia\u00ed, 40 vagas \u00e0 tarde;<br \/>\nGest\u00e3o de Recursos  Humanos &#8211; Fatec Mogi das Cruzes, 40 vagas no per\u00edodo da manh\u00e3;<br \/>\nProcessos  Qu\u00edmicos &#8211; Fatec Praia Grande, 80 vagas, divididas entre os per\u00edodos da tarde e  da noite.<\/p>\n<p>*Cinco Fatecs v\u00e3o alterar ou ampliar os cursos oferecidos:<\/p>\n<p>Fatec Carapicu\u00edba &#8211; An\u00e1lise e Desenvolvimento de Sistemas (80 vagas,  divididas entre os per\u00edodos da manh\u00e3 e da noite); Jogos Digitais (80 vagas,  divididas entre os per\u00edodos da manh\u00e3 e da noite) e Sistemas para Internet (40  vagas \u00e0 tarde);<br \/>\nFatec Itapetininga &#8211; An\u00e1lise e Desenvolvimento de Sistemas  (80 vagas, divididas entre os per\u00edodos da manh\u00e3 e da noite);<br \/>\nFatec Jundia\u00ed-  An\u00e1lise e Desenvolvimento de Sistemas (40 vagas, \u00e0 tarde) e Gest\u00e3o da Tecnologia  da Informa\u00e7\u00e3o (40 vagas, \u00e0 noite);<br \/>\nFatec Ourinhos &#8211; An\u00e1lise e Desenvolvimento  de Sistemas (80 vagas, divididas entre os per\u00edodos da tarde e da noite), Jogos  Digitais (40 vagas, de manh\u00e3) e Seguran\u00e7a da Informa\u00e7\u00e3o (80 vagas, divididas  entre os per\u00edodos da manh\u00e3 e da noite);<br \/>\nFatec Praia Grande &#8211; An\u00e1lise e  Desenvolvimento de Sistemas (80 vagas, divididas entre os per\u00edodos da tarde e da  noite); Gest\u00e3o Empresarial (Processos Gerenciais), 40 vagas \u00e0 tarde.<\/p>\n<p>*A Fatec S\u00e3o Paulo vai implantar nova turma em curso j\u00e1 existente: Soldagem  (40 vagas de manh\u00e3).<\/p>\n<p>Inscri\u00e7\u00f5es<\/p>\n<p>Para concorrer a uma das vagas do Vestibular, o candidato dever ter conclu\u00eddo  ou estar cursando o Ensino M\u00e9dio ou equivalente, desde que no ato da matr\u00edcula  comprove a conclus\u00e3o do curso.<\/p>\n<p>As inscri\u00e7\u00f5es dever\u00e3o ser feitas exclusivamente pela internet, no site  www.vestibularfatec.com.br, at\u00e9 9 de novembro. No \u00faltimo dia, o prazo termina \u00e0s  15 horas. Para se inscrever \u00e9 necess\u00e1rio preencher a Ficha de Inscri\u00e7\u00e3o e o  question\u00e1rio socioecon\u00f4mico, imprimir o boleto e pagar a taxa no valor de R$ 70  (em dinheiro), em qualquer ag\u00eancia banc\u00e1ria.<\/p>\n<p>O Manual do Candidato, que traz todas as datas, normas e orienta\u00e7\u00f5es para o  processo seletivo, est\u00e1 dispon\u00edvel, na \u00edntegra, para download gratuito no site  <a href=\"http:\/\/www.vestibularfatec.com.br\/\" target=\"_blank\">www.vestibularfatec.com.br<\/a>.<\/p>\n<p>Inclus\u00e3o Social<\/p>\n<p>O Sistema de Pontua\u00e7\u00e3o Acrescida concede b\u00f4nus de 3% a estudantes  afrodescendentes e de 10% a oriundos da rede p\u00fablica. Caso o aluno esteja nas  duas situa\u00e7\u00f5es, recebe 13% de b\u00f4nus.<\/p>\n<p>Para ter direito ao b\u00f4nus, o candidato afrodescendente deve fazer a  autodeclara\u00e7\u00e3o no ato da inscri\u00e7\u00e3o.<\/p>\n<p>O candidato tamb\u00e9m deve informar, no momento da inscri\u00e7\u00e3o, se \u00e9 egresso do  ensino p\u00fablico. A comprova\u00e7\u00e3o de que cursou integralmente o Ensino M\u00e9dio na rede  p\u00fablica (federal, estadual ou municipal) ser\u00e1 exigida no ato da matr\u00edcula por  meio da apresenta\u00e7\u00e3o do hist\u00f3rico escolar.<\/p>\n<p>\u00c9 indispens\u00e1vel que o candidato verifique detalhadamente se tem direito \u00e0  pontua\u00e7\u00e3o acrescida, pois a matr\u00edcula n\u00e3o poder\u00e1 ser realizada e a vaga ser\u00e1  perdida caso as informa\u00e7\u00f5es n\u00e3o atendam \u00e0s condi\u00e7\u00f5es estabelecidas em sua  totalidade.<\/p>\n<p>O Centro Paula Souza mant\u00e9m 49 Fatecs em 46 munic\u00edpios no Estado de S\u00e3o  Paulo: Americana, Ara\u00e7atuba, Barueri, Bauru, Botucatu, Bragan\u00e7a Paulista, Cap\u00e3o  Bonito, Carapicu\u00edba, Catanduva, Cruzeiro, Franca, Gar\u00e7a, Guaratinguet\u00e1,  Guarulhos, Indaiatuba, Itapetininga, Itaquaquecetuba, Itu, Jaboticabal, Jales,  Ja\u00fa, Jundia\u00ed, Lins, Mar\u00edlia, Mau\u00e1, Mococa, Mogi das Cruzes, Mogi Mirim, Osasco,  Ourinhos, Pindamonhangaba, Piracicaba, Praia Gran de, Presidente Prudente,  Santos, Santo Andr\u00e9, S\u00e3o Bernardo do Campo, S\u00e3o Caetano do Sul, S\u00e3o Jos\u00e9 dos  Campos, S\u00e3o Jos\u00e9 do Rio Preto, S\u00e3o Paulo, S\u00e3o Sebasti\u00e3o, Sert\u00e3ozinho, Sorocaba,  Taquaritinga e Tatu\u00ed.<\/p>\n<p>Outras informa\u00e7\u00f5es pelos telefones (11) 3471-4103 (Capital e Grande S\u00e3o  Paulo) e 0800-596 9696 (demais localidades) ou pelo site <a href=\"http:\/\/www.vestibularfatec.com.br\/\" target=\"_blank\">www.vestibularfatec.com.br<\/a><\/p>\n","protected":false},"excerpt":{"rendered":"<p>As inscri\u00e7\u00f5es para o Vestibular das Faculdades de Tecnologia (Fatecs) do Estado de S\u00e3o Paulo para o primeiro semestre de 2011 estar\u00e3o abertas at\u00e9 9 de novembro. A prova ser\u00e1 no dia 5 de dezembro.\u00a0Nesse processo seletivo, s\u00e3o oferecidas 10.250 vagas, distribu\u00eddas entre as 49 Fatecs, o que representa um crescimento de 1.060 vagas em [&hellip;]<\/p>\n","protected":false},"author":3,"featured_media":0,"comment_status":"open","ping_status":"open","sticky":false,"template":"","format":"standard","meta":{"tdm_status":"","tdm_grid_status":"","footnotes":""},"categories":[22,370,295],"tags":[],"class_list":{"0":"post-32132","1":"post","2":"type-post","3":"status-publish","4":"format-standard","6":"category-brasil","7":"category-inscricao","8":"category-vestibular"},"_links":{"self":[{"href":"https:\/\/migracao.redenoticia.com.br\/noticia\/wp-json\/wp\/v2\/posts\/32132","targetHints":{"allow":["GET"]}}],"collection":[{"href":"https:\/\/migracao.redenoticia.com.br\/noticia\/wp-json\/wp\/v2\/posts"}],"about":[{"href":"https:\/\/migracao.redenoticia.com.br\/noticia\/wp-json\/wp\/v2\/types\/post"}],"author":[{"embeddable":true,"href":"https:\/\/migracao.redenoticia.com.br\/noticia\/wp-json\/wp\/v2\/users\/3"}],"replies":[{"embeddable":true,"href":"https:\/\/migracao.redenoticia.com.br\/noticia\/wp-json\/wp\/v2\/comments?post=32132"}],"version-history":[{"count":0,"href":"https:\/\/migracao.redenoticia.com.br\/noticia\/wp-json\/wp\/v2\/posts\/32132\/revisions"}],"wp:attachment":[{"href":"https:\/\/migracao.redenoticia.com.br\/noticia\/wp-json\/wp\/v2\/media?parent=32132"}],"wp:term":[{"taxonomy":"category","embeddable":true,"href":"https:\/\/migracao.redenoticia.com.br\/noticia\/wp-json\/wp\/v2\/categories?post=32132"},{"taxonomy":"post_tag","embeddable":true,"href":"https:\/\/migracao.redenoticia.com.br\/noticia\/wp-json\/wp\/v2\/tags?post=32132"}],"curies":[{"name":"wp","href":"https:\/\/api.w.org\/{rel}","templated":true}]}}