{"id":32137,"date":"2010-10-26T12:17:53","date_gmt":"2010-10-26T16:17:53","guid":{"rendered":"http:\/\/www.redenoticia.com.br\/noticia\/?p=32137"},"modified":"2010-10-26T12:17:53","modified_gmt":"2010-10-26T16:17:53","slug":"enem-2010-consulta-aos-locais-das-provas","status":"publish","type":"post","link":"https:\/\/migracao.redenoticia.com.br\/noticia\/2010\/enem-2010-consulta-aos-locais-das-provas\/32137","title":{"rendered":"Enem 2010 &#8211;  consulta aos locais das provas"},"content":{"rendered":"<p><strong><em><img loading=\"lazy\" decoding=\"async\" class=\"alignleft size-full wp-image-22504\" title=\"enem inscricao\" src=\"https:\/\/migracao.redenoticia.com.br\/noticia\/imagens\/enem-inscricao.jpg\" alt=\"\" width=\"300\" height=\"193\" srcset=\"https:\/\/migracao.redenoticia.com.br\/noticia\/imagens\/enem-inscricao.jpg 300w, https:\/\/migracao.redenoticia.com.br\/noticia\/imagens\/enem-inscricao-250x160.jpg 250w, https:\/\/migracao.redenoticia.com.br\/noticia\/imagens\/enem-inscricao-150x96.jpg 150w\" sizes=\"auto, (max-width: 300px) 100vw, 300px\" \/>Enem<\/em><\/strong> 2010 &#8211; os 4,6 milh\u00f5es de inscritos para o Exame Nacional do Ensino M\u00e9dio (Enem) 2010 j\u00e1  podem consultar os locais onde far\u00e3o as provas nos dias<strong> <span style=\"font-weight: normal;\">6<\/span><\/strong> e 7 de novembro. A consulta foi aberta nesta segunda-feira, 25,  na <a href=\"http:\/\/www.inep.gov.br\/\" target=\"_blank\">p\u00e1gina<\/a> do Instituto  Nacional de Estudos e Pesquisas Educacionais An\u00edsio Teixeira (Inep).<\/p>\n<p>Para  conferir o local das provas, o candidato deve digitar o n\u00famero do seu CPF e a  senha de inscri\u00e7\u00e3o. Esta segunda-feira \u00e9 tamb\u00e9m o prazo final fixado pelo Inep  para que os candidatos recebam em seus endere\u00e7os o cart\u00e3o de inscri\u00e7\u00e3o.<\/p>\n<p>O cart\u00e3o traz o n\u00famero da inscri\u00e7\u00e3o, o CPF, o n\u00famero da carteira de  identidade, a hora e o local da prova, com endere\u00e7o completo. D\u00favidas tamb\u00e9m  podem ser esclarecidas pelo telefone gratuito do MEC 0800 616161, inclusive nos  finais de semana e feriados, at\u00e9 o dia das provas.<\/p>\n<p>No dia do exame, o  estudante deve levar caneta esferogr\u00e1fica de tinta preta, documento original com  foto e o cart\u00e3o de confirma\u00e7\u00e3o da inscri\u00e7\u00e3o.<\/p>\n<p>As provas ser\u00e3o aplicadas  em dois dias. No s\u00e1bado,<strong> <\/strong>6 de novembro, haver\u00e1 as provas de  ci\u00eancias da natureza e humanas, com 45 quest\u00f5es cada; no domingo,  7, as provas de matem\u00e1tica e linguagens, cada uma com 45 quest\u00f5es, e  uma reda\u00e7\u00e3o.<\/p>\n<p>Ionice Lorenzoni<\/p>\n","protected":false},"excerpt":{"rendered":"<p>Enem 2010 &#8211; os 4,6 milh\u00f5es de inscritos para o Exame Nacional do Ensino M\u00e9dio (Enem) 2010 j\u00e1 podem consultar os locais onde far\u00e3o as provas nos dias 6 e 7 de novembro. A consulta foi aberta nesta segunda-feira, 25, na p\u00e1gina do Instituto Nacional de Estudos e Pesquisas Educacionais An\u00edsio Teixeira (Inep). Para conferir [&hellip;]<\/p>\n","protected":false},"author":3,"featured_media":22504,"comment_status":"open","ping_status":"open","sticky":false,"template":"","format":"standard","meta":{"tdm_status":"","tdm_grid_status":"","footnotes":""},"categories":[22,370,295],"tags":[],"class_list":{"0":"post-32137","1":"post","2":"type-post","3":"status-publish","4":"format-standard","5":"has-post-thumbnail","7":"category-brasil","8":"category-inscricao","9":"category-vestibular"},"_links":{"self":[{"href":"https:\/\/migracao.redenoticia.com.br\/noticia\/wp-json\/wp\/v2\/posts\/32137","targetHints":{"allow":["GET"]}}],"collection":[{"href":"https:\/\/migracao.redenoticia.com.br\/noticia\/wp-json\/wp\/v2\/posts"}],"about":[{"href":"https:\/\/migracao.redenoticia.com.br\/noticia\/wp-json\/wp\/v2\/types\/post"}],"author":[{"embeddable":true,"href":"https:\/\/migracao.redenoticia.com.br\/noticia\/wp-json\/wp\/v2\/users\/3"}],"replies":[{"embeddable":true,"href":"https:\/\/migracao.redenoticia.com.br\/noticia\/wp-json\/wp\/v2\/comments?post=32137"}],"version-history":[{"count":0,"href":"https:\/\/migracao.redenoticia.com.br\/noticia\/wp-json\/wp\/v2\/posts\/32137\/revisions"}],"wp:featuredmedia":[{"embeddable":true,"href":"https:\/\/migracao.redenoticia.com.br\/noticia\/wp-json\/wp\/v2\/media\/22504"}],"wp:attachment":[{"href":"https:\/\/migracao.redenoticia.com.br\/noticia\/wp-json\/wp\/v2\/media?parent=32137"}],"wp:term":[{"taxonomy":"category","embeddable":true,"href":"https:\/\/migracao.redenoticia.com.br\/noticia\/wp-json\/wp\/v2\/categories?post=32137"},{"taxonomy":"post_tag","embeddable":true,"href":"https:\/\/migracao.redenoticia.com.br\/noticia\/wp-json\/wp\/v2\/tags?post=32137"}],"curies":[{"name":"wp","href":"https:\/\/api.w.org\/{rel}","templated":true}]}}