{"id":32286,"date":"2010-11-12T18:02:34","date_gmt":"2010-11-12T22:02:34","guid":{"rendered":"http:\/\/www.redenoticia.com.br\/noticia\/?p=32286"},"modified":"2010-11-12T19:13:52","modified_gmt":"2010-11-12T23:13:52","slug":"enem-2010-%e2%80%93-previsao-para-gabarito-e-resultado","status":"publish","type":"post","link":"https:\/\/migracao.redenoticia.com.br\/noticia\/2010\/enem-2010-%e2%80%93-previsao-para-gabarito-e-resultado\/32286","title":{"rendered":"Enem 2010 \u2013 gabarito e resultado"},"content":{"rendered":"<p><img loading=\"lazy\" decoding=\"async\" class=\"alignleft size-full wp-image-19313\" title=\"enem sisu\" src=\"https:\/\/migracao.redenoticia.com.br\/noticia\/imagens\/enem-2009-gabarito.jpg\" alt=\"\" width=\"300\" height=\"193\" srcset=\"https:\/\/migracao.redenoticia.com.br\/noticia\/imagens\/enem-2009-gabarito.jpg 300w, https:\/\/migracao.redenoticia.com.br\/noticia\/imagens\/enem-2009-gabarito-250x160.jpg 250w, https:\/\/migracao.redenoticia.com.br\/noticia\/imagens\/enem-2009-gabarito-150x96.jpg 150w\" sizes=\"auto, (max-width: 300px) 100vw, 300px\" \/><strong><em>Gabarito<\/em><\/strong> e resultado do <strong><em>Enem 2010<\/em><\/strong> &#8211; o presidente do Tribunal Regional Federal (TRF) da 5\u00aa Regi\u00e3o, desembargador Luiz Alberto Gurgel de Faria sustou, na manh\u00e3 desta sexta-feira, 12, liminar que impedia o INEP de dar prosseguimento ao Exame Nacional do Ensino M\u00e9dio (Enem) de 2010. Diante desta decis\u00e3o o Inep (Instituto Nacional de Estudos e Pesquisas Educacionais) divulgou o gabarito oficial de todas as provas referente ao Enem 2010, nesta sexta-feira (12), no <a href=\"http:\/\/www.inep.gov.br\/\" target=\"_blank\">site<\/a> do Inep (<a href=\"http:\/\/www.enem.inep.gov.br\/provas.php\" target=\"_blank\">Clique Aqui)<\/a>. A nota do TRF justifica que a suspens\u00e3o de um certame envolvendo mais de 3 milh\u00f5es de estudantes traria transtornos aos candidatos de todo o Brasil, al\u00e9m de um elevad\u00edssimo preju\u00edzo ao er\u00e1rio. O MEC (Minist\u00e9rio da Educa\u00e7\u00e3o) pretende realizar a nova prova do Enem nos dias 4 e 5 de dezembro, espec\u00edfica para alunos que receberam prova com erro de impress\u00e3o. O download das provas Enem 2010 \u00a0est\u00e3o no endere\u00e7o\u00a0eletr\u00f4nico\u00a0do <a href=\"http:\/\/www.enem.inep.gov.br\/provas.php\" target=\"_blank\">INEP<\/a>.<\/p>\n<p>A divulga\u00e7\u00e3o dos resultados por escola se far\u00e1 somente para aquelas que declararam o Censo Escolar e tenham no m\u00ednimo 10 alunos concluintes participando do exame no ensino m\u00e9dio. A divulga\u00e7\u00e3o \u00e9 feita pela Internet com as m\u00e9dias de desempenho obtidas pelo total de alunos.<\/p>\n<p>Resguardado o sigilo dos resultados individuais e para subsidiar estudos e pesquisas educacionais, o Inep tamb\u00e9m divulgar\u00e1 os microdados do Enem 2010.<\/p>\n<p>Enem 2010 \u2013 previs\u00e3o para gabarito e resultado<\/p>\n<p><strong><a href=\"https:\/\/migracao.redenoticia.com.br\/noticia\/2010\/enem-2010-download-do-gabarito\/32374\" target=\"_self\">Veja os gabaritos aqui<\/a><\/strong><\/p>\n","protected":false},"excerpt":{"rendered":"<p>Gabarito e resultado do Enem 2010 &#8211; o presidente do Tribunal Regional Federal (TRF) da 5\u00aa Regi\u00e3o, desembargador Luiz Alberto Gurgel de Faria sustou, na manh\u00e3 desta sexta-feira, 12, liminar que impedia o INEP de dar prosseguimento ao Exame Nacional do Ensino M\u00e9dio (Enem) de 2010. Diante desta decis\u00e3o o Inep (Instituto Nacional de Estudos [&hellip;]<\/p>\n","protected":false},"author":3,"featured_media":19313,"comment_status":"open","ping_status":"open","sticky":false,"template":"","format":"standard","meta":{"tdm_status":"","tdm_grid_status":"","footnotes":""},"categories":[22,370,295],"tags":[],"class_list":{"0":"post-32286","1":"post","2":"type-post","3":"status-publish","4":"format-standard","5":"has-post-thumbnail","7":"category-brasil","8":"category-inscricao","9":"category-vestibular"},"_links":{"self":[{"href":"https:\/\/migracao.redenoticia.com.br\/noticia\/wp-json\/wp\/v2\/posts\/32286","targetHints":{"allow":["GET"]}}],"collection":[{"href":"https:\/\/migracao.redenoticia.com.br\/noticia\/wp-json\/wp\/v2\/posts"}],"about":[{"href":"https:\/\/migracao.redenoticia.com.br\/noticia\/wp-json\/wp\/v2\/types\/post"}],"author":[{"embeddable":true,"href":"https:\/\/migracao.redenoticia.com.br\/noticia\/wp-json\/wp\/v2\/users\/3"}],"replies":[{"embeddable":true,"href":"https:\/\/migracao.redenoticia.com.br\/noticia\/wp-json\/wp\/v2\/comments?post=32286"}],"version-history":[{"count":0,"href":"https:\/\/migracao.redenoticia.com.br\/noticia\/wp-json\/wp\/v2\/posts\/32286\/revisions"}],"wp:featuredmedia":[{"embeddable":true,"href":"https:\/\/migracao.redenoticia.com.br\/noticia\/wp-json\/wp\/v2\/media\/19313"}],"wp:attachment":[{"href":"https:\/\/migracao.redenoticia.com.br\/noticia\/wp-json\/wp\/v2\/media?parent=32286"}],"wp:term":[{"taxonomy":"category","embeddable":true,"href":"https:\/\/migracao.redenoticia.com.br\/noticia\/wp-json\/wp\/v2\/categories?post=32286"},{"taxonomy":"post_tag","embeddable":true,"href":"https:\/\/migracao.redenoticia.com.br\/noticia\/wp-json\/wp\/v2\/tags?post=32286"}],"curies":[{"name":"wp","href":"https:\/\/api.w.org\/{rel}","templated":true}]}}