{"id":3229,"date":"2009-06-19T14:16:48","date_gmt":"2009-06-19T18:16:48","guid":{"rendered":"http:\/\/www.redenoticia.com.br\/noticia\/?p=3229"},"modified":"2009-06-19T14:16:48","modified_gmt":"2009-06-19T18:16:48","slug":"governo-vai-aumentar-linhas-de-investimento-do-pronaf-para-o-seguro-agricola","status":"publish","type":"post","link":"https:\/\/migracao.redenoticia.com.br\/noticia\/2009\/governo-vai-aumentar-linhas-de-investimento-do-pronaf-para-o-seguro-agricola\/3229","title":{"rendered":"Governo vai aumentar linhas de investimento do Pronaf para o seguro agr\u00edcola"},"content":{"rendered":"<p>A amplia\u00e7\u00e3o de R$ 13 bilh\u00f5es para R$ 15 bilh\u00f5es no volume de recursos destinados ao Programa Nacional de Fortalecimento da Agricultura Familiar (Pronaf), no Plano Safra 2009\/10, foi discutida numa reuni\u00e3o hoje (19), na Superintend\u00eancia do Banco do Brasil, em Curitiba. O diretor de Financiamento de Prote\u00e7\u00e3o da Secretaria de Agricultura Familiar, do Minist\u00e9rio do Desenvolvimento Agr\u00e1rio, Jo\u00e3o Luiz Guadagnin, definiu esse acr\u00e9scimo como expressivo, acrescentando que s\u00f3 a carteira de financiamentos do Banco do Brasil aumentar\u00e1 em 25%.<\/p>\n<p>Ao comentar o Plano Safra 2009\/10, que ser\u00e1 anunciado na segunda-feira (22), em Londrina, pelo presidente Luiz In\u00e1cio Lula da Silva, Guadagnin disse que o governo pretende ampliar as linhas de investimento do Pronaf para o seguro por perdas por adversidades clim\u00e1ticas.<\/p>\n<p>Atualmente, o seguro \u00e9 destinado ao cr\u00e9dito de custeio e agora deve ser estendido \u00e0s linhas de investimento. Aumentar\u00e1 tamb\u00e9m a lista dos produtos do Programa de Garantia de Pre\u00e7os da Agricultura Familiar (PGPAF), passando para 36 culturas. A novidade, segundo Guadagnin, \u00e9 a inclus\u00e3o de produtos t\u00edpicos das regi\u00f5es Norte e Nordeste como castanha, juta, cera de carna\u00faba e a\u00e7a\u00ed. Ainda dever\u00e3o ser ampliados os recursos para as unidades de assist\u00eancia t\u00e9cnica e extens\u00e3o rural de todo o pa\u00eds.<\/p>\n<p>As mudan\u00e7as no Pronaf ser\u00e3o implantadas a partir de agosto. Agora,segundo ele, as propriedades ter\u00e3o acompanhamento de t\u00e9cnicos das empresas de extens\u00e3o rural, que avaliar\u00e3o as quest\u00f5es ambientais e indicar\u00e3o a melhor forma de gerar emprego e renda no setor. \u201cIsso vai gerar mudan\u00e7a no tratamento do solo, da \u00e1gua, nos recursos naturais das unidades familiares. Os cr\u00e9ditos ser\u00e3o liberados por conjunto de atividades\u201d, explicou Guadagnin.<\/p>\n<p>O secret\u00e1rio da Agricultura do Paran\u00e1, Valter Bianchini, definiu a nova modalidade como um avan\u00e7o para a agricultura familiar. \u201cProvavelmente n\u00e3o ser\u00e1 avaliada a perda de uma \u00fanica cultura, mas do conjunto financiado e isso facilita para o produtor, que normalmente planeja um conjunto de atividades.\u201d<\/p>\n<p>Segundo o secret\u00e1rio, o Paran\u00e1, que deve ser beneficiado com 12% do total nacional de recursos do Pronaf, atende atualmente 200 mil propriedades de agricultores familiares. Em todo o pa\u00eds, s\u00e3o 4,5 milh\u00f5es de unidades de produ\u00e7\u00e3o. Desse contingente, 2,5 milh\u00f5es de unidades realizam opera\u00e7\u00f5es de cr\u00e9dito por meio dos programas oficiais.<\/p>\n<p>L\u00facia Norcio<br \/>\n<em>Rep\u00f3rter da Ag\u00eancia Brasil<\/em><\/p>\n","protected":false},"excerpt":{"rendered":"<p>A amplia\u00e7\u00e3o de R$ 13 bilh\u00f5es para R$ 15 bilh\u00f5es no volume de recursos destinados ao Programa Nacional de Fortalecimento da Agricultura Familiar (Pronaf), no Plano Safra 2009\/10, foi discutida numa reuni\u00e3o hoje (19), na Superintend\u00eancia do Banco do Brasil, em Curitiba. O diretor de Financiamento de Prote\u00e7\u00e3o da Secretaria de Agricultura Familiar, do Minist\u00e9rio [&hellip;]<\/p>\n","protected":false},"author":3,"featured_media":0,"comment_status":"open","ping_status":"open","sticky":false,"template":"","format":"standard","meta":{"tdm_status":"","tdm_grid_status":"","footnotes":""},"categories":[22],"tags":[],"class_list":{"0":"post-3229","1":"post","2":"type-post","3":"status-publish","4":"format-standard","6":"category-brasil"},"_links":{"self":[{"href":"https:\/\/migracao.redenoticia.com.br\/noticia\/wp-json\/wp\/v2\/posts\/3229","targetHints":{"allow":["GET"]}}],"collection":[{"href":"https:\/\/migracao.redenoticia.com.br\/noticia\/wp-json\/wp\/v2\/posts"}],"about":[{"href":"https:\/\/migracao.redenoticia.com.br\/noticia\/wp-json\/wp\/v2\/types\/post"}],"author":[{"embeddable":true,"href":"https:\/\/migracao.redenoticia.com.br\/noticia\/wp-json\/wp\/v2\/users\/3"}],"replies":[{"embeddable":true,"href":"https:\/\/migracao.redenoticia.com.br\/noticia\/wp-json\/wp\/v2\/comments?post=3229"}],"version-history":[{"count":0,"href":"https:\/\/migracao.redenoticia.com.br\/noticia\/wp-json\/wp\/v2\/posts\/3229\/revisions"}],"wp:attachment":[{"href":"https:\/\/migracao.redenoticia.com.br\/noticia\/wp-json\/wp\/v2\/media?parent=3229"}],"wp:term":[{"taxonomy":"category","embeddable":true,"href":"https:\/\/migracao.redenoticia.com.br\/noticia\/wp-json\/wp\/v2\/categories?post=3229"},{"taxonomy":"post_tag","embeddable":true,"href":"https:\/\/migracao.redenoticia.com.br\/noticia\/wp-json\/wp\/v2\/tags?post=3229"}],"curies":[{"name":"wp","href":"https:\/\/api.w.org\/{rel}","templated":true}]}}