{"id":32323,"date":"2010-11-10T12:04:20","date_gmt":"2010-11-10T16:04:20","guid":{"rendered":"http:\/\/www.redenoticia.com.br\/noticia\/?p=32323"},"modified":"2010-11-10T12:04:20","modified_gmt":"2010-11-10T16:04:20","slug":"unb-abre-858-vagas-para-transferencia-facultativa","status":"publish","type":"post","link":"https:\/\/migracao.redenoticia.com.br\/noticia\/2010\/unb-abre-858-vagas-para-transferencia-facultativa\/32323","title":{"rendered":"UnB abre 858 vagas para transfer\u00eancia facultativa"},"content":{"rendered":"<p>A Universidade de Bras\u00edlia (<strong><em>UnB<\/em><\/strong>) abriu processo seletivo, na modalidade <strong><em>transfer\u00eancia facultativa<\/em><\/strong>, para preencher 858 vagas em 59 cursos nos campi Darcy Ribeiro e Planaltina. A sele\u00e7\u00e3o \u00e9 voltada para estudantes de institui\u00e7\u00f5es de ensino superior nacionais ou estrangeiras e \u00e9 v\u00e1lida para ingresso no primeiro semestre de 2011. Para participar, o candidato dever\u00e1 ter conclu\u00eddo entre 20% e 75% da carga hor\u00e1ria do curso na institui\u00e7\u00e3o de origem.<\/p>\n<p>A sele\u00e7\u00e3o ser\u00e1 por meio de an\u00e1lise do hist\u00f3rico escolar e verifica\u00e7\u00e3o de equival\u00eancia entre o curso pretendido e o curso de origem, prova dissertativa e avalia\u00e7\u00e3o de portf\u00f3lio, este \u00faltimo somente para os cursos que o exigirem.<\/p>\n<p>As inscri\u00e7\u00f5es ocorrem no per\u00edodo de 6 a 15 de dezembro na Central de Atendimento do Cespe\/UnB, localizada no Campus Universit\u00e1rio Darcy Ribeiro, na Asa Norte, Bras\u00edlia(DF). O aluno ter\u00e1 de apresentar os documentos relacionados em edital, juntamente com o formul\u00e1rio de inscri\u00e7\u00e3o preenchido. O formul\u00e1rio est\u00e1 dispon\u00edvel no endere\u00e7o eletr\u00f4nico <a href=\"http:\/\/www.cespe.unb.br\/vestibular\/1tf2011\" target=\"_blank\">www.cespe.unb.br\/vestibular\/1tf2011<\/a>.<\/p>\n<p>A inscri\u00e7\u00e3o tamb\u00e9m pode ser feita por meio de envio de documenta\u00e7\u00e3o, via Sedex ou carta registrada e com aviso de recebimento, para a Central de Atendimento do Cespe\/UnB \u2013 TF 1\/2011 (Documentos para a inscri\u00e7\u00e3o), Caixa Postal 4488, CEP 70904-970, Bras\u00edlia (DF). A taxa de inscri\u00e7\u00e3o \u00e9 de R$ 100,00.<\/p>\n<p>A divulga\u00e7\u00e3o do resultado final da primeira etapa, composta pela an\u00e1lise do hist\u00f3rico escolar, est\u00e1 prevista para o dia 14 de janeiro de 2011. A prova dissertativa ser\u00e1 aplicada na data prov\u00e1vel de 23 do mesmo m\u00eas, com divulga\u00e7\u00e3o do resultado final prevista para o dia 2 de mar\u00e7o. Para os cursos que exigem avalia\u00e7\u00e3o de portf\u00f3lio, o resultado final dever\u00e1 ser divulgado na data prov\u00e1vel de 25 de mar\u00e7o.<\/p>\n<p>SERVI\u00c7O<br \/>\nSele\u00e7\u00e3o: 1\u00aa Transfer\u00eancia Facultativa de 2010<br \/>\nVagas: 858<br \/>\nCursos: 59, sendo 45 diurnos e 14 noturnos.<br \/>\nInscri\u00e7\u00f5es: entre 6 e 15 de dezembro.<br \/>\nTaxa: R$ 100,00<\/p>\n<p>CONTATO<br \/>\nOutras informa\u00e7\u00f5es no site www.cespe.unb.br\/vestibular\/1tf2011 ou na Central de Atendimento do Cespe\/UnB, de segunda a sexta, das 8h \u00e0s 19h \u2013 Campus Universit\u00e1rio Darcy Ribeiro, Sede do Cespe\/UnB \u2013 telefone (61) 3448 0100.<\/p>\n","protected":false},"excerpt":{"rendered":"<p>A Universidade de Bras\u00edlia (UnB) abriu processo seletivo, na modalidade transfer\u00eancia facultativa, para preencher 858 vagas em 59 cursos nos campi Darcy Ribeiro e Planaltina. A sele\u00e7\u00e3o \u00e9 voltada para estudantes de institui\u00e7\u00f5es de ensino superior nacionais ou estrangeiras e \u00e9 v\u00e1lida para ingresso no primeiro semestre de 2011. Para participar, o candidato dever\u00e1 ter [&hellip;]<\/p>\n","protected":false},"author":3,"featured_media":0,"comment_status":"open","ping_status":"open","sticky":false,"template":"","format":"standard","meta":{"tdm_status":"","tdm_grid_status":"","footnotes":""},"categories":[22,370,295],"tags":[],"class_list":{"0":"post-32323","1":"post","2":"type-post","3":"status-publish","4":"format-standard","6":"category-brasil","7":"category-inscricao","8":"category-vestibular"},"_links":{"self":[{"href":"https:\/\/migracao.redenoticia.com.br\/noticia\/wp-json\/wp\/v2\/posts\/32323","targetHints":{"allow":["GET"]}}],"collection":[{"href":"https:\/\/migracao.redenoticia.com.br\/noticia\/wp-json\/wp\/v2\/posts"}],"about":[{"href":"https:\/\/migracao.redenoticia.com.br\/noticia\/wp-json\/wp\/v2\/types\/post"}],"author":[{"embeddable":true,"href":"https:\/\/migracao.redenoticia.com.br\/noticia\/wp-json\/wp\/v2\/users\/3"}],"replies":[{"embeddable":true,"href":"https:\/\/migracao.redenoticia.com.br\/noticia\/wp-json\/wp\/v2\/comments?post=32323"}],"version-history":[{"count":0,"href":"https:\/\/migracao.redenoticia.com.br\/noticia\/wp-json\/wp\/v2\/posts\/32323\/revisions"}],"wp:attachment":[{"href":"https:\/\/migracao.redenoticia.com.br\/noticia\/wp-json\/wp\/v2\/media?parent=32323"}],"wp:term":[{"taxonomy":"category","embeddable":true,"href":"https:\/\/migracao.redenoticia.com.br\/noticia\/wp-json\/wp\/v2\/categories?post=32323"},{"taxonomy":"post_tag","embeddable":true,"href":"https:\/\/migracao.redenoticia.com.br\/noticia\/wp-json\/wp\/v2\/tags?post=32323"}],"curies":[{"name":"wp","href":"https:\/\/api.w.org\/{rel}","templated":true}]}}